{"id":29987,"date":"2022-07-30T08:39:19","date_gmt":"2022-07-30T13:39:19","guid":{"rendered":"https:\/\/encuentroinformativo.com.mx\/?p=29987"},"modified":"2022-07-30T08:39:23","modified_gmt":"2022-07-30T13:39:23","slug":"banda-el-recodo-rompe-record-en-el-segundo-gran-concierto-de-santa-ana","status":"publish","type":"post","link":"https:\/\/encuentroinformativo.com.mx\/?p=29987","title":{"rendered":"Banda el Recodo rompe r\u00e9cord; en el Segundo Gran Concierto de Santa Ana"},"content":{"rendered":"\n<p><strong>*Las actividades y conciertos de Santa Ana 2022, contin\u00faan con rotundo \u00e9xito.<\/strong><\/p>\n\n\n\n<p>Boca del R\u00edo, Ver.- &#8220;La Madre de Todas las Bandas&#8221;, se present\u00f3 con rotundo \u00e9xito durante el Segundo Gran Concierto de las Fiestas de Santa Ana 2022.<\/p>\n\n\n\n<p>Una de las presentaciones m\u00e1s esperadas por las y los boque\u00f1os, fueron los representantes del sonido sinaloense, centenares se dieron cita desde temprana hora para apartar su lugar y disfrutar de primera mano a uno los mayores exponentes del regional mexicano.<\/p>\n\n\n\n<p>M\u00e1s de 14 mil personas cantaron, bailaron, vibraron al ritmo de la tambora y los instrumentos de viento, en el retorno de la fiesta patronal de Boca del R\u00edo.<\/p>\n\n\n\n<p>Previo a la presentaci\u00f3n, los asistentes se divirtieron con la animaci\u00f3n de los locutores V\u00edctor S\u00e1nchez y Mira Caballero \u201cLa Chikibaby\u201d, quienes prepararon el escenario para la agrupaci\u00f3n.<\/p>\n\n\n\n<p>Miles de boque\u00f1os se reunieron en la Plaza C\u00edvica Benito Ju\u00e1rez, siendo recibidos por el Alcalde Juan Manuel Un\u00e1nue Abascal.<\/p>\n\n\n\n<p>\u201cHoy rompimos r\u00e9cord de asistencia a nuestras Fiestas de Santa Ana gracias al gran concierto de la Banda el Recodo\u201d, destac\u00f3 el mun\u00edcipe de Boca del R\u00edo.<\/p>\n\n\n\n<p>Cabe destacar, que actualmente cuenta con gran reconocimiento internacional, ha grabado m\u00e1s de 180 \u00e1lbumes y ha vendido m\u00e1s de 20 millones de discos.<\/p>\n\n\n\n<p>Su potencia y energ\u00eda, se hizo sentir con temas como \u201cY llegaste t\u00fa\u201d, \u201cPena tras pena\u201d, as\u00ed como con el \u201cPopurr\u00ed la Culebra\u201d, letras brav\u00edas, de amor y despecho fueron vitoreadas con sentimiento.<\/p>\n\n\n\n<p>\u201cAc\u00e1bame de matar\u201d, fue una de las m\u00e1s esperadas , contando con el reconocimiento tanto en M\u00e9xico, como en el mundo.<br>Un\u00e1nue Abascal, Presidente Municipal de Boca del R\u00edo record\u00f3, \u201ceste s\u00e1bado no se pierdan el tradicional ba\u00f1o a partir de las 12 del d\u00eda y por la noche el esperado concierto de Mario Bautista a las 10 de la noche\u201d.<\/p>\n\n\n\n<p>Banda el Recodo, &#8220;La Madre de Todas las Bandas&#8221;, conquist\u00f3 a los boque\u00f1os y visitantes con todos sus grandes \u00e9xitos de inicio a fin, no dieron tregua, el Segundo Gran Concierto pasar\u00e1 a la historia como de los mejores de las Fiestas de Santa Ana.<\/p>\n\n\n\n<figure class=\"wp-block-image size-large\"><img loading=\"lazy\" decoding=\"async\" width=\"1024\" height=\"682\" src=\"https:\/\/encuentroinformativo.com.mx\/wp-content\/uploads\/2022\/07\/53BB1563-4066-440D-ADAD-46DB5F2A8E8A-1024x682.jpeg\" alt=\"\" class=\"wp-image-29989\" srcset=\"https:\/\/encuentroinformativo.com.mx\/wp-content\/uploads\/2022\/07\/53BB1563-4066-440D-ADAD-46DB5F2A8E8A-1024x682.jpeg 1024w, https:\/\/encuentroinformativo.com.mx\/wp-content\/uploads\/2022\/07\/53BB1563-4066-440D-ADAD-46DB5F2A8E8A-300x200.jpeg 300w, https:\/\/encuentroinformativo.com.mx\/wp-content\/uploads\/2022\/07\/53BB1563-4066-440D-ADAD-46DB5F2A8E8A-768x512.jpeg 768w, https:\/\/encuentroinformativo.com.mx\/wp-content\/uploads\/2022\/07\/53BB1563-4066-440D-ADAD-46DB5F2A8E8A.jpeg 1280w\" sizes=\"auto, (max-width: 1024px) 100vw, 1024px\" \/><\/figure>\n","protected":false},"excerpt":{"rendered":"<p>*Las actividades y conciertos de Santa Ana 2022, contin\u00faan con rotundo \u00e9xito. Boca del R\u00edo, Ver.- &#8220;La Madre de Todas las Bandas&#8221;, se present\u00f3 con rotundo \u00e9xito durante el Segundo Gran Concierto de las Fiestas de Santa Ana 2022. Una de las presentaciones m\u00e1s esperadas por las y los boque\u00f1os, fueron los representantes del sonido [&hellip;]<\/p>\n","protected":false},"author":1,"featured_media":29988,"comment_status":"open","ping_status":"open","sticky":false,"template":"","format":"standard","meta":{"_jetpack_memberships_contains_paid_content":false,"footnotes":""},"categories":[2],"tags":[],"class_list":["post-29987","post","type-post","status-publish","format-standard","has-post-thumbnail","hentry","category-estado"],"jetpack_featured_media_url":"https:\/\/encuentroinformativo.com.mx\/wp-content\/uploads\/2022\/07\/F2C76951-AFCC-4A5E-931C-2E89452AFB0E.jpeg","jetpack_sharing_enabled":true,"jetpack_likes_enabled":true,"amp_enabled":true,"_links":{"self":[{"href":"https:\/\/encuentroinformativo.com.mx\/index.php?rest_route=\/wp\/v2\/posts\/29987","targetHints":{"allow":["GET"]}}],"collection":[{"href":"https:\/\/encuentroinformativo.com.mx\/index.php?rest_route=\/wp\/v2\/posts"}],"about":[{"href":"https:\/\/encuentroinformativo.com.mx\/index.php?rest_route=\/wp\/v2\/types\/post"}],"author":[{"embeddable":true,"href":"https:\/\/encuentroinformativo.com.mx\/index.php?rest_route=\/wp\/v2\/users\/1"}],"replies":[{"embeddable":true,"href":"https:\/\/encuentroinformativo.com.mx\/index.php?rest_route=%2Fwp%2Fv2%2Fcomments&post=29987"}],"version-history":[{"count":1,"href":"https:\/\/encuentroinformativo.com.mx\/index.php?rest_route=\/wp\/v2\/posts\/29987\/revisions"}],"predecessor-version":[{"id":29990,"href":"https:\/\/encuentroinformativo.com.mx\/index.php?rest_route=\/wp\/v2\/posts\/29987\/revisions\/29990"}],"wp:featuredmedia":[{"embeddable":true,"href":"https:\/\/encuentroinformativo.com.mx\/index.php?rest_route=\/wp\/v2\/media\/29988"}],"wp:attachment":[{"href":"https:\/\/encuentroinformativo.com.mx\/index.php?rest_route=%2Fwp%2Fv2%2Fmedia&parent=29987"}],"wp:term":[{"taxonomy":"category","embeddable":true,"href":"https:\/\/encuentroinformativo.com.mx\/index.php?rest_route=%2Fwp%2Fv2%2Fcategories&post=29987"},{"taxonomy":"post_tag","embeddable":true,"href":"https:\/\/encuentroinformativo.com.mx\/index.php?rest_route=%2Fwp%2Fv2%2Ftags&post=29987"}],"curies":[{"name":"wp","href":"https:\/\/api.w.org\/{rel}","templated":true}]}}