{"id":300,"date":"2020-03-03T15:16:27","date_gmt":"2020-03-03T21:16:27","guid":{"rendered":"https:\/\/encuentroinformativodotcomdotmx.wordpress.com\/2020\/03\/03\/piden-ampliar-jovenes-construyendo-el-futuro-para-zonas-rurales\/"},"modified":"2020-03-03T15:16:27","modified_gmt":"2020-03-03T21:16:27","slug":"piden-ampliar-jovenes-construyendo-el-futuro-para-zonas-rurales","status":"publish","type":"post","link":"https:\/\/encuentroinformativo.com.mx\/?p=300","title":{"rendered":"Piden ampliar J\u00f3venes Construyendo el Futuro para zonas rurales"},"content":{"rendered":"\n<figure class=\"wp-block-image size-large\"><img loading=\"lazy\" decoding=\"async\" width=\"796\" height=\"720\" src=\"https:\/\/encuentroinformativo.com.mx\/wp-content\/uploads\/2020\/03\/ezy-watermark_03-03-2020_03-11-55p.m..jpg?w=796\" alt=\"\" class=\"wp-image-299\" srcset=\"https:\/\/encuentroinformativo.com.mx\/wp-content\/uploads\/2020\/03\/ezy-watermark_03-03-2020_03-11-55p.m..jpg 796w, https:\/\/encuentroinformativo.com.mx\/wp-content\/uploads\/2020\/03\/ezy-watermark_03-03-2020_03-11-55p.m.-300x271.jpg 300w, https:\/\/encuentroinformativo.com.mx\/wp-content\/uploads\/2020\/03\/ezy-watermark_03-03-2020_03-11-55p.m.-768x695.jpg 768w\" sizes=\"auto, (max-width: 796px) 100vw, 796px\" \/><\/figure>\n\n\n\n<p><strong>Dar\u00edo Pale <\/strong><\/p>\n\n\n\n<p>Xalapa, Ver.- El programa federal de J\u00f3venes Construyendo el Futuro, deber\u00eda pensarse para ayudar a aquellos que trabajan en el campo, y no s\u00f3lo para las zonas urbanas, as\u00ed lo se\u00f1al\u00f3 el Dirigente Estatal de la Uni\u00f3n Campesina Ind\u00edgena Nacional (UCIN) Javier L\u00f3pez Ortega.<\/p>\n\n\n\n<p>Entrevistado en conocido caf\u00e9 del centro de Xalapa se\u00f1al\u00f3 que en lo que respecta al programa Sembrando Vida, explic\u00f3 que tambi\u00e9n se deber\u00eda tomar en cuenta a los peque\u00f1os y medianos productores.<\/p>\n\n\n\n<p>\u201cHay regiones que en el estado de Veracruz si se cubri\u00f3, sin embargo las estad\u00edsticas que mostraba la Secretar\u00eda de Bienestar, es que s\u00f3lo se logr\u00f3 sembrar un 14 por ciento de los \u00e1rboles\u201d, se\u00f1al\u00f3.<\/p>\n\n\n\n<p>\u201cHay muchas cosas que se deben redireccionar. El avance es m\u00ednimo, si el presidente de la Rep\u00fablica hizo programas para discapacitados, para adultos mayores, modific\u00f3 el de j\u00f3venes, pues se deber\u00eda rescatar a peque\u00f1o y mediano productor&#8221;, agreg\u00f3.<\/p>\n\n\n\n<p>En otro orden de ideas en lo que se refiere al programa J\u00f3venes Construyendo el Futuro se\u00f1al\u00f3 que, &#8220;este programa no es un asistencialismo total, sirvi\u00f3 m\u00e1s para las empresas que si pueden capacitar a esos j\u00f3venes. Al campo no le afecta ni le beneficia. En el caso de las zonas rurales, el chavo que estudia en la prepa en la ma\u00f1ana, trabaja en las tardes, ese chavo sigue igualito porque no ha cambiado su estatus&#8221;.<\/p>\n\n\n\n<p>Por \u00faltimo dio a conocer que si el presidente de la Rep\u00fablica, Andr\u00e9s Manuel L\u00f3pez Obrador estipul\u00f3 programas para beneficio de varios sectores, debi\u00f3 tomar en cuenta a dichos j\u00f3venes.<\/p>\n\n\n\n<p><\/p>\n","protected":false},"excerpt":{"rendered":"<p>Dar\u00edo Pale Xalapa, Ver.- El programa federal de J\u00f3venes Construyendo el Futuro, deber\u00eda pensarse para ayudar a aquellos que trabajan en el campo, y no s\u00f3lo para las zonas urbanas, as\u00ed lo se\u00f1al\u00f3 el Dirigente Estatal de la Uni\u00f3n Campesina Ind\u00edgena Nacional (UCIN) Javier L\u00f3pez Ortega. Entrevistado en conocido caf\u00e9 del centro de Xalapa se\u00f1al\u00f3 [&hellip;]<\/p>\n","protected":false},"author":1,"featured_media":299,"comment_status":"open","ping_status":"open","sticky":false,"template":"","format":"standard","meta":{"_jetpack_memberships_contains_paid_content":false,"footnotes":""},"categories":[3],"tags":[],"class_list":["post-300","post","type-post","status-publish","format-standard","has-post-thumbnail","hentry","category-xalapa"],"jetpack_featured_media_url":"https:\/\/encuentroinformativo.com.mx\/wp-content\/uploads\/2020\/03\/ezy-watermark_03-03-2020_03-11-55p.m..jpg","jetpack_sharing_enabled":true,"jetpack_likes_enabled":true,"amp_enabled":true,"_links":{"self":[{"href":"https:\/\/encuentroinformativo.com.mx\/index.php?rest_route=\/wp\/v2\/posts\/300","targetHints":{"allow":["GET"]}}],"collection":[{"href":"https:\/\/encuentroinformativo.com.mx\/index.php?rest_route=\/wp\/v2\/posts"}],"about":[{"href":"https:\/\/encuentroinformativo.com.mx\/index.php?rest_route=\/wp\/v2\/types\/post"}],"author":[{"embeddable":true,"href":"https:\/\/encuentroinformativo.com.mx\/index.php?rest_route=\/wp\/v2\/users\/1"}],"replies":[{"embeddable":true,"href":"https:\/\/encuentroinformativo.com.mx\/index.php?rest_route=%2Fwp%2Fv2%2Fcomments&post=300"}],"version-history":[{"count":0,"href":"https:\/\/encuentroinformativo.com.mx\/index.php?rest_route=\/wp\/v2\/posts\/300\/revisions"}],"wp:featuredmedia":[{"embeddable":true,"href":"https:\/\/encuentroinformativo.com.mx\/index.php?rest_route=\/wp\/v2\/media\/299"}],"wp:attachment":[{"href":"https:\/\/encuentroinformativo.com.mx\/index.php?rest_route=%2Fwp%2Fv2%2Fmedia&parent=300"}],"wp:term":[{"taxonomy":"category","embeddable":true,"href":"https:\/\/encuentroinformativo.com.mx\/index.php?rest_route=%2Fwp%2Fv2%2Fcategories&post=300"},{"taxonomy":"post_tag","embeddable":true,"href":"https:\/\/encuentroinformativo.com.mx\/index.php?rest_route=%2Fwp%2Fv2%2Ftags&post=300"}],"curies":[{"name":"wp","href":"https:\/\/api.w.org\/{rel}","templated":true}]}}