{"id":30005,"date":"2022-07-30T15:45:27","date_gmt":"2022-07-30T20:45:27","guid":{"rendered":"https:\/\/encuentroinformativo.com.mx\/?p=30005"},"modified":"2022-07-30T15:45:32","modified_gmt":"2022-07-30T20:45:32","slug":"recuerdan-a-ruben-espinosa","status":"publish","type":"post","link":"https:\/\/encuentroinformativo.com.mx\/?p=30005","title":{"rendered":"Recuerdan a Rub\u00e9n Espinosa"},"content":{"rendered":"\n<p>Xalapa, Ver.- Este 31 de julio se cumplen siete a\u00f1os del asesinato del foto reportero Rub\u00e9n Espinosa Becerril as\u00ed como de la activista Nadia Vera.<\/p>\n\n\n\n<p>Amigos y familiares los recordaron en Plaza Lerdo d\u00f3nde dieron un mensaje para exigir justicia ya que est\u00e1 no ha llegado, al no dar con el paradero de los responsables del crimen de cinco personas en la colonia Narvarte, d\u00f3nde perdiera la vida Rub\u00e9n Espinosa, Nadia Vera, Alejandra Negrete, Yesenia Quiroz y Mile Mart\u00ednez.<\/p>\n\n\n\n<figure class=\"wp-block-image size-large\"><img loading=\"lazy\" decoding=\"async\" width=\"1024\" height=\"683\" src=\"https:\/\/encuentroinformativo.com.mx\/wp-content\/uploads\/2022\/07\/56AA9B96-0562-42C6-A77C-3F482C32368A-1024x683.jpeg\" alt=\"\" class=\"wp-image-30007\" srcset=\"https:\/\/encuentroinformativo.com.mx\/wp-content\/uploads\/2022\/07\/56AA9B96-0562-42C6-A77C-3F482C32368A-1024x683.jpeg 1024w, https:\/\/encuentroinformativo.com.mx\/wp-content\/uploads\/2022\/07\/56AA9B96-0562-42C6-A77C-3F482C32368A-300x200.jpeg 300w, https:\/\/encuentroinformativo.com.mx\/wp-content\/uploads\/2022\/07\/56AA9B96-0562-42C6-A77C-3F482C32368A-768x512.jpeg 768w, https:\/\/encuentroinformativo.com.mx\/wp-content\/uploads\/2022\/07\/56AA9B96-0562-42C6-A77C-3F482C32368A.jpeg 1488w\" sizes=\"auto, (max-width: 1024px) 100vw, 1024px\" \/><\/figure>\n\n\n\n<figure class=\"wp-block-image size-large\"><img loading=\"lazy\" decoding=\"async\" width=\"1024\" height=\"683\" src=\"https:\/\/encuentroinformativo.com.mx\/wp-content\/uploads\/2022\/07\/3F62C772-C3D9-461D-9DAE-F7C570676326-1024x683.jpeg\" alt=\"\" class=\"wp-image-30008\" srcset=\"https:\/\/encuentroinformativo.com.mx\/wp-content\/uploads\/2022\/07\/3F62C772-C3D9-461D-9DAE-F7C570676326-1024x683.jpeg 1024w, https:\/\/encuentroinformativo.com.mx\/wp-content\/uploads\/2022\/07\/3F62C772-C3D9-461D-9DAE-F7C570676326-300x200.jpeg 300w, https:\/\/encuentroinformativo.com.mx\/wp-content\/uploads\/2022\/07\/3F62C772-C3D9-461D-9DAE-F7C570676326-768x512.jpeg 768w, https:\/\/encuentroinformativo.com.mx\/wp-content\/uploads\/2022\/07\/3F62C772-C3D9-461D-9DAE-F7C570676326.jpeg 1488w\" sizes=\"auto, (max-width: 1024px) 100vw, 1024px\" \/><\/figure>\n","protected":false},"excerpt":{"rendered":"<p>Xalapa, Ver.- Este 31 de julio se cumplen siete a\u00f1os del asesinato del foto reportero Rub\u00e9n Espinosa Becerril as\u00ed como de la activista Nadia Vera. Amigos y familiares los recordaron en Plaza Lerdo d\u00f3nde dieron un mensaje para exigir justicia ya que est\u00e1 no ha llegado, al no dar con el paradero de los responsables [&hellip;]<\/p>\n","protected":false},"author":1,"featured_media":30006,"comment_status":"open","ping_status":"open","sticky":false,"template":"","format":"standard","meta":{"_jetpack_memberships_contains_paid_content":false,"footnotes":""},"categories":[3],"tags":[],"class_list":["post-30005","post","type-post","status-publish","format-standard","has-post-thumbnail","hentry","category-xalapa"],"jetpack_featured_media_url":"https:\/\/encuentroinformativo.com.mx\/wp-content\/uploads\/2022\/07\/C5424217-60EF-438C-B70F-560604C7A2A0.jpeg","jetpack_sharing_enabled":true,"jetpack_likes_enabled":true,"amp_enabled":true,"_links":{"self":[{"href":"https:\/\/encuentroinformativo.com.mx\/index.php?rest_route=\/wp\/v2\/posts\/30005","targetHints":{"allow":["GET"]}}],"collection":[{"href":"https:\/\/encuentroinformativo.com.mx\/index.php?rest_route=\/wp\/v2\/posts"}],"about":[{"href":"https:\/\/encuentroinformativo.com.mx\/index.php?rest_route=\/wp\/v2\/types\/post"}],"author":[{"embeddable":true,"href":"https:\/\/encuentroinformativo.com.mx\/index.php?rest_route=\/wp\/v2\/users\/1"}],"replies":[{"embeddable":true,"href":"https:\/\/encuentroinformativo.com.mx\/index.php?rest_route=%2Fwp%2Fv2%2Fcomments&post=30005"}],"version-history":[{"count":1,"href":"https:\/\/encuentroinformativo.com.mx\/index.php?rest_route=\/wp\/v2\/posts\/30005\/revisions"}],"predecessor-version":[{"id":30009,"href":"https:\/\/encuentroinformativo.com.mx\/index.php?rest_route=\/wp\/v2\/posts\/30005\/revisions\/30009"}],"wp:featuredmedia":[{"embeddable":true,"href":"https:\/\/encuentroinformativo.com.mx\/index.php?rest_route=\/wp\/v2\/media\/30006"}],"wp:attachment":[{"href":"https:\/\/encuentroinformativo.com.mx\/index.php?rest_route=%2Fwp%2Fv2%2Fmedia&parent=30005"}],"wp:term":[{"taxonomy":"category","embeddable":true,"href":"https:\/\/encuentroinformativo.com.mx\/index.php?rest_route=%2Fwp%2Fv2%2Fcategories&post=30005"},{"taxonomy":"post_tag","embeddable":true,"href":"https:\/\/encuentroinformativo.com.mx\/index.php?rest_route=%2Fwp%2Fv2%2Ftags&post=30005"}],"curies":[{"name":"wp","href":"https:\/\/api.w.org\/{rel}","templated":true}]}}