{"id":30027,"date":"2022-07-31T14:32:21","date_gmt":"2022-07-31T19:32:21","guid":{"rendered":"https:\/\/encuentroinformativo.com.mx\/?p=30027"},"modified":"2022-07-31T15:48:48","modified_gmt":"2022-07-31T20:48:48","slug":"realizan-baile-masivo-de-danzon","status":"publish","type":"post","link":"https:\/\/encuentroinformativo.com.mx\/?p=30027","title":{"rendered":"Realizan baile masivo de danz\u00f3n"},"content":{"rendered":"\n<p><strong>Juan Arcos <\/strong><\/p>\n\n\n\n<p>Xalapa, Ver.- M\u00e1s de 200 personas bailaron danz\u00f3n en el parque Benito Ju\u00e1rez de esta ciudad de Xalapa, durante el evento \u201cBailemos juntos nereidas\u201d para retomar esta actividad despu\u00e9s de m\u00e1s de dos a\u00f1os de pandemia por Sars-Cov2 (Covid-19).<\/p>\n\n\n\n<p>De acuerdo con H\u00e9ctor Luis Carmona Andrade, director de Cultura Danz\u00f3n, Bailadores y Orquesta Danza, se invit\u00f3 a grupos de ballet folcl\u00f3rico, de \u201cdanzoneros\u201d y public\u00f3 en general, teniendo una respuesta favorable.<\/p>\n\n\n\n<p>\u201cLo que estamos promoviendo con este evento es el g\u00e9nero del danz\u00f3n, despu\u00e9s de tanto tiempo de pandemia es el evento que estamos retomando para que el danz\u00f3n resurja aqu\u00ed en la capital y que mejor hacerlo con una rutina masiva\u201d, agreg\u00f3.<\/p>\n\n\n\n<p>El danz\u00f3n surgi\u00f3 el 1 de enero de 1879 como fecha oficial en Cuba y posteriormente lleg\u00f3 a la Rep\u00fablica Mexicana, a trav\u00e9s de Yucat\u00e1n, asent\u00e1ndose mayormente en el puerto de Veracruz.<\/p>\n\n\n\n<p>\u201cHoy tambi\u00e9n estamos viendo que en toda esta regi\u00f3n de Xalapa y los municipios cercanos tambi\u00e9n se baila y goza de una gran popularidad\u201d, expres\u00f3.<\/p>\n\n\n\n<p>El danz\u00f3n tambi\u00e9n es considerado una \u201cgimnasia cerebral\u201d muy completa, pues tiene una estructura, un conteo y es necesario estudiarlo para bailarlo de manera adecuada.<\/p>\n\n\n\n<p>\u201cEs complejo pero no es dif\u00edcil, yo siempre les digo: desayuno, comida y cena, danz\u00f3n. Escucharlo es importante\u201d, enfatiz\u00f3 el profesor.<\/p>\n\n\n\n<p>Carmona Andrade record\u00f3 que en Xalapa hay varias escuelas de danz\u00f3n y que \u00e9l lleva m\u00e1s de 15 a\u00f1os dando clases y promoviendo este g\u00e9nero.<\/p>\n\n\n\n<figure class=\"wp-block-image size-large\"><img loading=\"lazy\" decoding=\"async\" width=\"1024\" height=\"683\" src=\"https:\/\/encuentroinformativo.com.mx\/wp-content\/uploads\/2022\/07\/71564A53-A787-4FA8-9A8D-6BE6C82CCA86-1024x683.jpeg\" alt=\"\" class=\"wp-image-30029\" srcset=\"https:\/\/encuentroinformativo.com.mx\/wp-content\/uploads\/2022\/07\/71564A53-A787-4FA8-9A8D-6BE6C82CCA86-1024x683.jpeg 1024w, https:\/\/encuentroinformativo.com.mx\/wp-content\/uploads\/2022\/07\/71564A53-A787-4FA8-9A8D-6BE6C82CCA86-300x200.jpeg 300w, https:\/\/encuentroinformativo.com.mx\/wp-content\/uploads\/2022\/07\/71564A53-A787-4FA8-9A8D-6BE6C82CCA86-768x512.jpeg 768w, https:\/\/encuentroinformativo.com.mx\/wp-content\/uploads\/2022\/07\/71564A53-A787-4FA8-9A8D-6BE6C82CCA86.jpeg 1488w\" sizes=\"auto, (max-width: 1024px) 100vw, 1024px\" \/><\/figure>\n","protected":false},"excerpt":{"rendered":"<p>Juan Arcos Xalapa, Ver.- M\u00e1s de 200 personas bailaron danz\u00f3n en el parque Benito Ju\u00e1rez de esta ciudad de Xalapa, durante el evento \u201cBailemos juntos nereidas\u201d para retomar esta actividad despu\u00e9s de m\u00e1s de dos a\u00f1os de pandemia por Sars-Cov2 (Covid-19). De acuerdo con H\u00e9ctor Luis Carmona Andrade, director de Cultura Danz\u00f3n, Bailadores y Orquesta [&hellip;]<\/p>\n","protected":false},"author":1,"featured_media":30028,"comment_status":"open","ping_status":"open","sticky":false,"template":"","format":"standard","meta":{"_jetpack_memberships_contains_paid_content":false,"footnotes":""},"categories":[3],"tags":[],"class_list":["post-30027","post","type-post","status-publish","format-standard","has-post-thumbnail","hentry","category-xalapa"],"jetpack_featured_media_url":"https:\/\/encuentroinformativo.com.mx\/wp-content\/uploads\/2022\/07\/A3B0F0B0-507E-44FA-B7E6-7EEFA2C2876F.jpeg","jetpack_sharing_enabled":true,"jetpack_likes_enabled":true,"amp_enabled":true,"_links":{"self":[{"href":"https:\/\/encuentroinformativo.com.mx\/index.php?rest_route=\/wp\/v2\/posts\/30027","targetHints":{"allow":["GET"]}}],"collection":[{"href":"https:\/\/encuentroinformativo.com.mx\/index.php?rest_route=\/wp\/v2\/posts"}],"about":[{"href":"https:\/\/encuentroinformativo.com.mx\/index.php?rest_route=\/wp\/v2\/types\/post"}],"author":[{"embeddable":true,"href":"https:\/\/encuentroinformativo.com.mx\/index.php?rest_route=\/wp\/v2\/users\/1"}],"replies":[{"embeddable":true,"href":"https:\/\/encuentroinformativo.com.mx\/index.php?rest_route=%2Fwp%2Fv2%2Fcomments&post=30027"}],"version-history":[{"count":2,"href":"https:\/\/encuentroinformativo.com.mx\/index.php?rest_route=\/wp\/v2\/posts\/30027\/revisions"}],"predecessor-version":[{"id":30043,"href":"https:\/\/encuentroinformativo.com.mx\/index.php?rest_route=\/wp\/v2\/posts\/30027\/revisions\/30043"}],"wp:featuredmedia":[{"embeddable":true,"href":"https:\/\/encuentroinformativo.com.mx\/index.php?rest_route=\/wp\/v2\/media\/30028"}],"wp:attachment":[{"href":"https:\/\/encuentroinformativo.com.mx\/index.php?rest_route=%2Fwp%2Fv2%2Fmedia&parent=30027"}],"wp:term":[{"taxonomy":"category","embeddable":true,"href":"https:\/\/encuentroinformativo.com.mx\/index.php?rest_route=%2Fwp%2Fv2%2Fcategories&post=30027"},{"taxonomy":"post_tag","embeddable":true,"href":"https:\/\/encuentroinformativo.com.mx\/index.php?rest_route=%2Fwp%2Fv2%2Ftags&post=30027"}],"curies":[{"name":"wp","href":"https:\/\/api.w.org\/{rel}","templated":true}]}}