{"id":30040,"date":"2022-07-31T15:11:31","date_gmt":"2022-07-31T20:11:31","guid":{"rendered":"https:\/\/encuentroinformativo.com.mx\/?p=30040"},"modified":"2022-07-31T15:11:35","modified_gmt":"2022-07-31T20:11:35","slug":"exitosa-primera-edicion-de-carrera-santa-ana-en-boca-del-rio","status":"publish","type":"post","link":"https:\/\/encuentroinformativo.com.mx\/?p=30040","title":{"rendered":"Exitosa primera edici\u00f3n de &#8220;Carrera Santa Ana&#8221; en Boca del R\u00edo"},"content":{"rendered":"\n<p><strong>Alejandro \u00c1vila<\/strong><\/p>\n\n\n\n<p>Boca del R\u00edo, Ver.- M\u00e1s de 600 participantes se registraron para la primera edici\u00f3n de la &#8220;Carrera Santa Ana&#8221; en Boca del R\u00edo, misma que tambi\u00e9n tuvo una caminata con mascotas.<\/p>\n\n\n\n<p>Fue el alcalde, Juan Manuel Un\u00e1nue Abascal, en compa\u00f1\u00eda de la presidenta del DIF Municipal, Melina Rivera de Un\u00e1nue, quien dio el banderazo de inicio de la carrera de 5 kil\u00f3metros.<\/p>\n\n\n\n<p>A la par, tambi\u00e9n se realiz\u00f3 la caminata con mascota 3k, donde decenas de perros acompa\u00f1aron a sus due\u00f1os.<\/p>\n\n\n\n<p>La prueba premi\u00f3 a los tres primeros lugares de ambas ramas, Varonil y Femenil, de la primera edici\u00f3n de una carrera que busca impulsar el deporte, los buenos h\u00e1bitos de salud y la reuni\u00f3n familiar.&nbsp;<\/p>\n\n\n\n<p>Por otra parte, la salida y meta, se encontr\u00f3 instalada a un costado del Foro Boca, en el bulevar &#8220;Vicente Fox&#8221;, donde la lluvia no detuvo a los atletas, ni tampoco a sus mascotas.<\/p>\n\n\n\n<p>Cabe destacar, que en representaci\u00f3n de la Corte Real de la Fiesta de Santa Ana, estuvo presente la Doncella del Mar, Pamela Reynolds Vera.&nbsp;<\/p>\n\n\n\n<p>Una de las peculiaridades de la carrera es que las medallas son coleccionables, las cuales se otorgar\u00e1n en cada edici\u00f3n de los cuatro a\u00f1os de la administraci\u00f3n municipal y de la fiesta patronal. Cada medalla llevar\u00e1 una de las cuatro letras de la palabra \u201cBoca\u201d, una por a\u00f1o, la primera edici\u00f3n 2022 llevar\u00e1 la letra B.<\/p>\n\n\n\n<p><em>GANADORAS CARRERA RAMA FEMENIL<\/em><\/p>\n\n\n\n<p>1 Mayra Casta\u00f1eda Castillo<\/p>\n\n\n\n<p>2 Angelica Torrez Z\u00fa\u00f1iga<\/p>\n\n\n\n<p>3 Brenda Olimpia Ju\u00e1rez&nbsp;<\/p>\n\n\n\n<p><em>GANADORES CARRERA RAMA VARONIL<\/em><\/p>\n\n\n\n<p>1 Carlos Gamboa Ram\u00edrez<\/p>\n\n\n\n<p>2 Edison Hern\u00e1ndez Herrera&nbsp;&nbsp;<\/p>\n\n\n\n<p>3 Rey Omar Aguirre<\/p>\n","protected":false},"excerpt":{"rendered":"<p>Alejandro \u00c1vila Boca del R\u00edo, Ver.- M\u00e1s de 600 participantes se registraron para la primera edici\u00f3n de la &#8220;Carrera Santa Ana&#8221; en Boca del R\u00edo, misma que tambi\u00e9n tuvo una caminata con mascotas. Fue el alcalde, Juan Manuel Un\u00e1nue Abascal, en compa\u00f1\u00eda de la presidenta del DIF Municipal, Melina Rivera de Un\u00e1nue, quien dio el [&hellip;]<\/p>\n","protected":false},"author":1,"featured_media":30041,"comment_status":"open","ping_status":"open","sticky":false,"template":"","format":"standard","meta":{"_jetpack_memberships_contains_paid_content":false,"footnotes":""},"categories":[2],"tags":[],"class_list":["post-30040","post","type-post","status-publish","format-standard","has-post-thumbnail","hentry","category-estado"],"jetpack_featured_media_url":"https:\/\/encuentroinformativo.com.mx\/wp-content\/uploads\/2022\/07\/2DDA7227-C3EE-4828-A781-C28E09015AD4.jpeg","jetpack_sharing_enabled":true,"jetpack_likes_enabled":true,"amp_enabled":true,"_links":{"self":[{"href":"https:\/\/encuentroinformativo.com.mx\/index.php?rest_route=\/wp\/v2\/posts\/30040","targetHints":{"allow":["GET"]}}],"collection":[{"href":"https:\/\/encuentroinformativo.com.mx\/index.php?rest_route=\/wp\/v2\/posts"}],"about":[{"href":"https:\/\/encuentroinformativo.com.mx\/index.php?rest_route=\/wp\/v2\/types\/post"}],"author":[{"embeddable":true,"href":"https:\/\/encuentroinformativo.com.mx\/index.php?rest_route=\/wp\/v2\/users\/1"}],"replies":[{"embeddable":true,"href":"https:\/\/encuentroinformativo.com.mx\/index.php?rest_route=%2Fwp%2Fv2%2Fcomments&post=30040"}],"version-history":[{"count":1,"href":"https:\/\/encuentroinformativo.com.mx\/index.php?rest_route=\/wp\/v2\/posts\/30040\/revisions"}],"predecessor-version":[{"id":30042,"href":"https:\/\/encuentroinformativo.com.mx\/index.php?rest_route=\/wp\/v2\/posts\/30040\/revisions\/30042"}],"wp:featuredmedia":[{"embeddable":true,"href":"https:\/\/encuentroinformativo.com.mx\/index.php?rest_route=\/wp\/v2\/media\/30041"}],"wp:attachment":[{"href":"https:\/\/encuentroinformativo.com.mx\/index.php?rest_route=%2Fwp%2Fv2%2Fmedia&parent=30040"}],"wp:term":[{"taxonomy":"category","embeddable":true,"href":"https:\/\/encuentroinformativo.com.mx\/index.php?rest_route=%2Fwp%2Fv2%2Fcategories&post=30040"},{"taxonomy":"post_tag","embeddable":true,"href":"https:\/\/encuentroinformativo.com.mx\/index.php?rest_route=%2Fwp%2Fv2%2Ftags&post=30040"}],"curies":[{"name":"wp","href":"https:\/\/api.w.org\/{rel}","templated":true}]}}