{"id":30044,"date":"2022-07-31T18:38:06","date_gmt":"2022-07-31T23:38:06","guid":{"rendered":"https:\/\/encuentroinformativo.com.mx\/?p=30044"},"modified":"2022-07-31T18:38:10","modified_gmt":"2022-07-31T23:38:10","slug":"a-puerta-cerrada-continua-audiencia-de-exfiscal-jorge-n","status":"publish","type":"post","link":"https:\/\/encuentroinformativo.com.mx\/?p=30044","title":{"rendered":"A puerta cerrada, contin\u00faa audiencia de exfiscal Jorge \u201cN\u201d"},"content":{"rendered":"\n<p><strong>Juan Arcos<\/strong><\/p>\n\n\n\n<p>Coatepec, Ver.- Este domingo se dio continuidad a la audiencia de Jorge \u201cN\u201d, exfiscal general de Veracruz, en las salas de juicios orales en el penal de Pacho Viejo, municipio de Coatepec.<\/p>\n\n\n\n<p>El exfuncionario yunista fue detenido el pasado lunes 25 de julio en Puerto Escondido, estado de Oaxaca, y posteriormente trasladado al Centro de Reinserci\u00f3n Social (Cereso) mencionado.<\/p>\n\n\n\n<p>La madrugada del martes se dio a conocer que se le impuso la medida cautelar de un a\u00f1o de prisi\u00f3n preventiva oficiosa por un a\u00f1o, se\u00f1alado de los presuntos delitos de desaparici\u00f3n forzada y privaci\u00f3n ilegal de la libertad en agravio de Francisco Z\u00e1rate, escolta del exfiscal general Luis \u00c1ngel Bravo Contreras.<\/p>\n\n\n\n<p>Este 31 de julio, el exabogado del exgobernador Miguel \u00c1ngel Yunes Linares fue custodiado por militares y elementos de la Secretar\u00eda de Seguridad P\u00fablica (SSP) para que ingresara a su audiencia.<\/p>\n\n\n\n<p>Jorge \u201cN\u201d hab\u00eda solicitado que sus audiencias en los juzgados del penal de Pacho Viejo fueran p\u00fablicas y que se permita el acceso a los medios de comunicaci\u00f3n.<\/p>\n\n\n\n<p>Denunci\u00f3 que ha sido objeto de persecuci\u00f3n penal sustentada en falsedades y que se ha ocultado la verdad, pues existe desinformaci\u00f3n en caso.<\/p>\n\n\n\n<p>Incluso, mediante un oficio, con fecha del 29 de julio, pidi\u00f3 al juez de Control del Distrito Judicial de Xalapa, Adri\u00e1n Reyes Acosta, que se permitiera el ingreso de la prensa a sus audiencias.<\/p>\n\n\n\n<p>Sin embargo, la audiencia se lleva a cabo a puerta cerrada este domingo en los juzgados del penal Pacho Viejo.<\/p>\n","protected":false},"excerpt":{"rendered":"<p>Juan Arcos Coatepec, Ver.- Este domingo se dio continuidad a la audiencia de Jorge \u201cN\u201d, exfiscal general de Veracruz, en las salas de juicios orales en el penal de Pacho Viejo, municipio de Coatepec. El exfuncionario yunista fue detenido el pasado lunes 25 de julio en Puerto Escondido, estado de Oaxaca, y posteriormente trasladado al [&hellip;]<\/p>\n","protected":false},"author":1,"featured_media":30045,"comment_status":"open","ping_status":"open","sticky":false,"template":"","format":"standard","meta":{"_jetpack_memberships_contains_paid_content":false,"footnotes":""},"categories":[2],"tags":[],"class_list":["post-30044","post","type-post","status-publish","format-standard","has-post-thumbnail","hentry","category-estado"],"jetpack_featured_media_url":"https:\/\/encuentroinformativo.com.mx\/wp-content\/uploads\/2022\/07\/48408F6F-EBE1-4973-980D-E7F846E9801D.jpeg","jetpack_sharing_enabled":true,"jetpack_likes_enabled":true,"amp_enabled":true,"_links":{"self":[{"href":"https:\/\/encuentroinformativo.com.mx\/index.php?rest_route=\/wp\/v2\/posts\/30044","targetHints":{"allow":["GET"]}}],"collection":[{"href":"https:\/\/encuentroinformativo.com.mx\/index.php?rest_route=\/wp\/v2\/posts"}],"about":[{"href":"https:\/\/encuentroinformativo.com.mx\/index.php?rest_route=\/wp\/v2\/types\/post"}],"author":[{"embeddable":true,"href":"https:\/\/encuentroinformativo.com.mx\/index.php?rest_route=\/wp\/v2\/users\/1"}],"replies":[{"embeddable":true,"href":"https:\/\/encuentroinformativo.com.mx\/index.php?rest_route=%2Fwp%2Fv2%2Fcomments&post=30044"}],"version-history":[{"count":1,"href":"https:\/\/encuentroinformativo.com.mx\/index.php?rest_route=\/wp\/v2\/posts\/30044\/revisions"}],"predecessor-version":[{"id":30046,"href":"https:\/\/encuentroinformativo.com.mx\/index.php?rest_route=\/wp\/v2\/posts\/30044\/revisions\/30046"}],"wp:featuredmedia":[{"embeddable":true,"href":"https:\/\/encuentroinformativo.com.mx\/index.php?rest_route=\/wp\/v2\/media\/30045"}],"wp:attachment":[{"href":"https:\/\/encuentroinformativo.com.mx\/index.php?rest_route=%2Fwp%2Fv2%2Fmedia&parent=30044"}],"wp:term":[{"taxonomy":"category","embeddable":true,"href":"https:\/\/encuentroinformativo.com.mx\/index.php?rest_route=%2Fwp%2Fv2%2Fcategories&post=30044"},{"taxonomy":"post_tag","embeddable":true,"href":"https:\/\/encuentroinformativo.com.mx\/index.php?rest_route=%2Fwp%2Fv2%2Ftags&post=30044"}],"curies":[{"name":"wp","href":"https:\/\/api.w.org\/{rel}","templated":true}]}}