{"id":30047,"date":"2022-07-31T21:47:17","date_gmt":"2022-08-01T02:47:17","guid":{"rendered":"https:\/\/encuentroinformativo.com.mx\/?p=30047"},"modified":"2022-07-31T21:47:22","modified_gmt":"2022-08-01T02:47:22","slug":"jorge-n-permanecera-en-prision","status":"publish","type":"post","link":"https:\/\/encuentroinformativo.com.mx\/?p=30047","title":{"rendered":"Jorge \u201cN\u201d permanecer\u00e1 en prisi\u00f3n"},"content":{"rendered":"\n<p><strong>Juan Arcos <\/strong><\/p>\n\n\n\n<p>Coatepec, Ver.- El exfiscal general de Veracruz, Jorge \u201cN\u201d, se quedar\u00e1 en prisi\u00f3n tras haber sido vinculado a proceso por los presuntos delitos de desaparici\u00f3n forzada y privaci\u00f3n ilegal de la libertad.<\/p>\n\n\n\n<p>En una audiencia que se prolong\u00f3 nueve horas y se llev\u00f3 a cabo a puerta cerrada, el juez de control Adri\u00e1n Reyes Acosta confirm\u00f3 la medida cautelar de prisi\u00f3n preventiva oficiosa por un a\u00f1o, y cinco meses de investigaci\u00f3n complementaria, dentro del proceso penal 296\/2019.<\/p>\n\n\n\n<p>El exfuncionario panista ingres\u00f3 a las salas de juicios orales del penal de Pacho Viejo, municipio de Coatepec, poco antes del mediod\u00eda.<\/p>\n\n\n\n<p>El exabogado personal del exgobernador Miguel \u00c1ngel Yunes Linares hab\u00eda solicitado mediante oficio que sus audiencias fueran p\u00fablicas y que se permitiera el acceso a la prensa; embargo, s\u00f3lo sus abogados pudieron ingresar a la sala.<\/p>\n\n\n\n<p>La prolongada audiencia tuvo dos recesos y en uno de ellos se dio a conocer que el imputado hab\u00eda presentado problemas de salud al interior de la sala. Incluso, se observ\u00f3 a una doctora ingresar al sitio.<\/p>\n\n\n\n<p>El exfuncionario yunista fue detenido el pasado lunes 25 de julio en Puerto Escondido, estado de Oaxaca, y posteriormente trasladado al Centro de Reinserci\u00f3n Social (Cereso) mencionado.<\/p>\n\n\n\n<p>La madrugada del pasado martes se dio a conocer que se le impuso la medida cautelar de un a\u00f1o de prisi\u00f3n preventiva oficiosa por un a\u00f1o, se\u00f1alado de los presuntos delitos de desaparici\u00f3n forzada y privaci\u00f3n ilegal de la libertad en agravio de Francisco Z\u00e1rate, escolta del exfiscal general Luis \u00c1ngel Bravo Contreras.<\/p>\n\n\n\n<p>Este 31 de julio, Jorge \u201cN\u201d fue custodiado por militares y elementos de la Secretar\u00eda de Seguridad P\u00fablica (SSP) para que ingresara a su audiencia.<\/p>\n\n\n\n<p>Cabe recordar que \u00e9l estuvo tres a\u00f1os pr\u00f3fugo de la justicia, luego de haber sido separado del cargo por el Congreso del Estado el 3 septiembre de 2019, presuntamente al no haber acreditado los ex\u00e1menes de control y confianza.<\/p>\n","protected":false},"excerpt":{"rendered":"<p>Juan Arcos Coatepec, Ver.- El exfiscal general de Veracruz, Jorge \u201cN\u201d, se quedar\u00e1 en prisi\u00f3n tras haber sido vinculado a proceso por los presuntos delitos de desaparici\u00f3n forzada y privaci\u00f3n ilegal de la libertad. En una audiencia que se prolong\u00f3 nueve horas y se llev\u00f3 a cabo a puerta cerrada, el juez de control Adri\u00e1n [&hellip;]<\/p>\n","protected":false},"author":1,"featured_media":30048,"comment_status":"open","ping_status":"open","sticky":false,"template":"","format":"standard","meta":{"_jetpack_memberships_contains_paid_content":false,"footnotes":""},"categories":[2],"tags":[],"class_list":["post-30047","post","type-post","status-publish","format-standard","has-post-thumbnail","hentry","category-estado"],"jetpack_featured_media_url":"https:\/\/encuentroinformativo.com.mx\/wp-content\/uploads\/2022\/07\/855D1389-6524-471A-B827-E8E791CCD833.jpeg","jetpack_sharing_enabled":true,"jetpack_likes_enabled":true,"amp_enabled":true,"_links":{"self":[{"href":"https:\/\/encuentroinformativo.com.mx\/index.php?rest_route=\/wp\/v2\/posts\/30047","targetHints":{"allow":["GET"]}}],"collection":[{"href":"https:\/\/encuentroinformativo.com.mx\/index.php?rest_route=\/wp\/v2\/posts"}],"about":[{"href":"https:\/\/encuentroinformativo.com.mx\/index.php?rest_route=\/wp\/v2\/types\/post"}],"author":[{"embeddable":true,"href":"https:\/\/encuentroinformativo.com.mx\/index.php?rest_route=\/wp\/v2\/users\/1"}],"replies":[{"embeddable":true,"href":"https:\/\/encuentroinformativo.com.mx\/index.php?rest_route=%2Fwp%2Fv2%2Fcomments&post=30047"}],"version-history":[{"count":1,"href":"https:\/\/encuentroinformativo.com.mx\/index.php?rest_route=\/wp\/v2\/posts\/30047\/revisions"}],"predecessor-version":[{"id":30049,"href":"https:\/\/encuentroinformativo.com.mx\/index.php?rest_route=\/wp\/v2\/posts\/30047\/revisions\/30049"}],"wp:featuredmedia":[{"embeddable":true,"href":"https:\/\/encuentroinformativo.com.mx\/index.php?rest_route=\/wp\/v2\/media\/30048"}],"wp:attachment":[{"href":"https:\/\/encuentroinformativo.com.mx\/index.php?rest_route=%2Fwp%2Fv2%2Fmedia&parent=30047"}],"wp:term":[{"taxonomy":"category","embeddable":true,"href":"https:\/\/encuentroinformativo.com.mx\/index.php?rest_route=%2Fwp%2Fv2%2Fcategories&post=30047"},{"taxonomy":"post_tag","embeddable":true,"href":"https:\/\/encuentroinformativo.com.mx\/index.php?rest_route=%2Fwp%2Fv2%2Ftags&post=30047"}],"curies":[{"name":"wp","href":"https:\/\/api.w.org\/{rel}","templated":true}]}}