{"id":3005,"date":"2020-06-02T13:41:07","date_gmt":"2020-06-02T18:41:07","guid":{"rendered":"https:\/\/encuentroinformativo.com\/?p=3005"},"modified":"2020-06-02T13:41:09","modified_gmt":"2020-06-02T18:41:09","slug":"aumentan-casos-de-violencia-de-genero-imm","status":"publish","type":"post","link":"https:\/\/encuentroinformativo.com.mx\/?p=3005","title":{"rendered":"Aumentan casos de violencia de g\u00e9nero: IMM"},"content":{"rendered":"\n<p><strong>Dar\u00edo Pale <\/strong><\/p>\n\n\n\n<p>Xalapa, Ver.- Se incremento la violencia de g\u00e9nero en comparaci\u00f3n del a\u00f1o pasado ya que de la semana del 25 al 31 de mayo se registro un incremento del 66 por ciento en las atenciones de violencia de g\u00e9nero en comparaci\u00f3n a la misma semana del a\u00f1o 2019.<\/p>\n\n\n\n<p>Entrevistada en el exterior del palacio municipal la directora del Instituto Municipal de las Mujeres de Xalapa, Yadira Hidalgo Gonz\u00e1lez dio a conocer que de acuerdo al reporte semanal n\u00famero 11 de incidencias de violencia de g\u00e9nero contra las mujeres reportadas al Instituto Municipal de las Mujeres de Xalapa periodo de contingencia sanitaria \u00a0Covid 19 brindaron un total de 51 atenciones de las cuales el 20 por ciento corresponde a usuarias de primera vez, v\u00edctimas de violencia de g\u00e9nero.<\/p>\n\n\n\n<p>Cabe se\u00f1alar que el 50 por ciento es violencia familiar; el 30 por ciento violencia familiar equiparada; 10 por ciento violencia laboral y 10 por ciento violencia digital.<\/p>\n\n\n\n<p>Respecto a llamadas recibidas de l\u00ednea violeta Xalapa se registro un incremento del 34 por ciento en atenciones respecto a la misma semana del 2019.<\/p>\n\n\n\n<p>Se contestaron un total de 29 llamadas de las cuales el 45 por ciento corresponde a usuarias de primera vez v\u00edctimas de violencia de g\u00e9nero.<\/p>\n\n\n\n<p>Cabe se\u00f1alar que el 62 por ciento es violencia familiar; el 15 por ciento violencia familiar equiparada; 8 por ciento violencia laboral; 8 por ciento violencia digital y 8 por ciento violencia comunitaria.<\/p>\n\n\n\n<p>En ese sentido que si bien un alza en la violencia de g\u00e9nero tambi\u00e9n existe una mayor difusi\u00f3n de la l\u00ednea violeta que el a\u00f1o pasado.<\/p>\n\n\n\n<p>Agreg\u00f3 que existe una baja de la violencia que se comente bajo los influjos del alcohol debido a la aplicaci\u00f3n de la ley seca y el horario de venta de las bebidas alcoh\u00f3licas.<\/p>\n\n\n\n<p><\/p>\n\n\n\n<p><\/p>\n","protected":false},"excerpt":{"rendered":"<p>Dar\u00edo Pale Xalapa, Ver.- Se incremento la violencia de g\u00e9nero en comparaci\u00f3n del a\u00f1o pasado ya que de la semana del 25 al 31 de mayo se registro un incremento del 66 por ciento en las atenciones de violencia de g\u00e9nero en comparaci\u00f3n a la misma semana del a\u00f1o 2019. Entrevistada en el exterior del [&hellip;]<\/p>\n","protected":false},"author":1,"featured_media":3006,"comment_status":"open","ping_status":"open","sticky":false,"template":"","format":"standard","meta":{"_jetpack_memberships_contains_paid_content":false,"footnotes":""},"categories":[3],"tags":[],"class_list":["post-3005","post","type-post","status-publish","format-standard","has-post-thumbnail","hentry","category-xalapa"],"jetpack_featured_media_url":"https:\/\/encuentroinformativo.com.mx\/wp-content\/uploads\/2020\/06\/BDE2116B-1341-40C6-B5B0-71B84097D19C.jpeg","jetpack_sharing_enabled":true,"jetpack_likes_enabled":true,"amp_enabled":true,"_links":{"self":[{"href":"https:\/\/encuentroinformativo.com.mx\/index.php?rest_route=\/wp\/v2\/posts\/3005","targetHints":{"allow":["GET"]}}],"collection":[{"href":"https:\/\/encuentroinformativo.com.mx\/index.php?rest_route=\/wp\/v2\/posts"}],"about":[{"href":"https:\/\/encuentroinformativo.com.mx\/index.php?rest_route=\/wp\/v2\/types\/post"}],"author":[{"embeddable":true,"href":"https:\/\/encuentroinformativo.com.mx\/index.php?rest_route=\/wp\/v2\/users\/1"}],"replies":[{"embeddable":true,"href":"https:\/\/encuentroinformativo.com.mx\/index.php?rest_route=%2Fwp%2Fv2%2Fcomments&post=3005"}],"version-history":[{"count":1,"href":"https:\/\/encuentroinformativo.com.mx\/index.php?rest_route=\/wp\/v2\/posts\/3005\/revisions"}],"predecessor-version":[{"id":3008,"href":"https:\/\/encuentroinformativo.com.mx\/index.php?rest_route=\/wp\/v2\/posts\/3005\/revisions\/3008"}],"wp:featuredmedia":[{"embeddable":true,"href":"https:\/\/encuentroinformativo.com.mx\/index.php?rest_route=\/wp\/v2\/media\/3006"}],"wp:attachment":[{"href":"https:\/\/encuentroinformativo.com.mx\/index.php?rest_route=%2Fwp%2Fv2%2Fmedia&parent=3005"}],"wp:term":[{"taxonomy":"category","embeddable":true,"href":"https:\/\/encuentroinformativo.com.mx\/index.php?rest_route=%2Fwp%2Fv2%2Fcategories&post=3005"},{"taxonomy":"post_tag","embeddable":true,"href":"https:\/\/encuentroinformativo.com.mx\/index.php?rest_route=%2Fwp%2Fv2%2Ftags&post=3005"}],"curies":[{"name":"wp","href":"https:\/\/api.w.org\/{rel}","templated":true}]}}