{"id":30052,"date":"2022-08-01T10:35:18","date_gmt":"2022-08-01T15:35:18","guid":{"rendered":"https:\/\/encuentroinformativo.com.mx\/?p=30052"},"modified":"2022-08-01T10:35:21","modified_gmt":"2022-08-01T15:35:21","slug":"concluyen-fiestas-de-santa-ana-con-el-tradicional-torito-y-concierto-de-aaron-y-su-grupo-ilusion","status":"publish","type":"post","link":"https:\/\/encuentroinformativo.com.mx\/?p=30052","title":{"rendered":"Concluyen fiestas de Santa Ana con el tradicional torito y concierto de Aar\u00f3n y su Grupo Ilusi\u00f3n"},"content":{"rendered":"\n<p><strong>*Las Fiestas de Santa Ana regresar\u00e1n el pr\u00f3ximo a\u00f1o con m\u00e1s fuerza que nunca, destac\u00f3 el Alcalde JM Un\u00e1nue.<\/strong><\/p>\n\n\n\n<p><strong>*Ni la lluvia detuvo al p\u00fablico en el gran concierto de Aar\u00f3n y su Grupo Ilusi\u00f3n.<\/strong><\/p>\n\n\n\n<p>Boca del R\u00edo, Ver.- Cientos de personas se dieron cita este domingo para degustar de la mejor bebida del Estado de Veracruz, tal es el caso del torito gigante que disfrutaron turistas y boque\u00f1os en el marco del \u00faltimo d\u00eda de las Fiestas de Santa Ana.<\/p>\n\n\n\n<p>Es as\u00ed como el Alcalde Juan Manuel Un\u00e1nue Abascal, acompa\u00f1ado por su esposa, la Presidenta del DIF de Boca del R\u00edo; Melina Rivera de Un\u00e1nue, cortaron el list\u00f3n para dar inicio a la repartici\u00f3n de los mil litros de esta bebida.<\/p>\n\n\n\n<p>\u201cAgradecer a todos los restauranteros, felicitarles y reconocerles tambi\u00e9n, que el d\u00eda viernes hicieron un magnifico trabajo con el filete relleno de mariscos\u201d, expres\u00f3.<\/p>\n\n\n\n<p>Asimismo, De Un\u00e1nue Abascal destac\u00f3 que se cumpli\u00f3 la expectativa, \u201cy vamos a estar mejorando la fiesta de Santa Ana cada a\u00f1o (\u2026) han estado muy bonitas las fiestas, todo en calma, contentos, cerrando con Aar\u00f3n y su grupo Ilusi\u00f3n\u201d.<\/p>\n\n\n\n<p>Desde hace 27 a\u00f1os, el p\u00fablico participa en su degustaci\u00f3n, por ello, el Gobierno Municipal de Boca del R\u00edo en conjunto con el sector restaurantero de la cabecera municipal, se dieron a la tarea de preparar mil litros de esta tradicional bebida.<\/p>\n\n\n\n<p><em><strong>\u00bfQu\u00e9 es el torito?<\/strong><\/em><\/p>\n\n\n\n<p>Se trata de una bebida de textura cremosa y sabor dulce, preparado con licor de ca\u00f1a, el de mayor tradici\u00f3n es el de cacahuate, pero al paso del tiempo, se incluyeron nuevos sabores, como el de guan\u00e1bana, coco, adem\u00e1s de jobo y nanche.<\/p>\n\n\n\n<p>El origen se remonta a cuando los jornaleros terminaban de trabajar en los campos de ca\u00f1a, quienes, al finalizar su d\u00eda de trabajo, cansados, se preparaban esta bebida.<\/p>\n\n\n\n<p>Con la preparaci\u00f3n, aseguran los historiadores, los hac\u00eda sentir fuertes y vigorosos \u201ccomo toros\u201d, es as\u00ed, como nace su nombre, \u201cTorito\u201d.<\/p>\n\n\n\n<p><em><strong>CONCIERTO<\/strong><\/em><\/p>\n\n\n\n<p>En el cuarto y \u00faltimo Gran Concierto, toc\u00f3 ver y escuchar la presentaci\u00f3n de los originarios del Estado de M\u00e9xico; Aar\u00f3n y su Grupo Ilusi\u00f3n.<\/p>\n\n\n\n<p>Con todo y lluvia, la Plaza C\u00edvica atestigu\u00f3 el talento y sabor de la agrupaci\u00f3n, que enarbolan la cumbia mexicana en la actualidad, con temas como \u201cTe vas\u201d, uno de los m\u00e1s esperados en la \u00faltima noche de las Fiestas de Santa Ana.<\/p>\n\n\n\n<p>\u201cTodo me gusta de ti\u201d, canci\u00f3n que puso a bailar a todos los presentes sin distingo, pero su talento no solo es conocido en M\u00e9xico, ha traspasado fronteras, siendo un deleite en Estados Unidos.<\/p>\n\n\n\n<p>Como cada velada musical, el Alcalde Juan Manuel Un\u00e1nue Abascal y la Se\u00f1ora Melina Rivera de Un\u00e1nue, entregaron el reconocimiento y agradecimiento a las voces y m\u00fasicos de Aar\u00f3n y su Grupo Ilusi\u00f3n.<\/p>\n\n\n\n<p>Finalmente, el Presidente Municipal de Boca del R\u00edo, dijo que no era un adi\u00f3s, sino un hasta pronto, pues las Fiestas de Santa regresar\u00e1n el pr\u00f3ximo a\u00f1o, con m\u00e1s fuerza que nunca, para seguir consolidando a Boca del R\u00edo, como lo mejor de Veracruz.<\/p>\n\n\n\n<figure class=\"wp-block-image size-large\"><img loading=\"lazy\" decoding=\"async\" width=\"1024\" height=\"682\" src=\"https:\/\/encuentroinformativo.com.mx\/wp-content\/uploads\/2022\/08\/B8051088-FE91-4B09-A5E3-215854860C85.jpeg\" alt=\"\" class=\"wp-image-30054\" srcset=\"https:\/\/encuentroinformativo.com.mx\/wp-content\/uploads\/2022\/08\/B8051088-FE91-4B09-A5E3-215854860C85.jpeg 1024w, https:\/\/encuentroinformativo.com.mx\/wp-content\/uploads\/2022\/08\/B8051088-FE91-4B09-A5E3-215854860C85-300x200.jpeg 300w, https:\/\/encuentroinformativo.com.mx\/wp-content\/uploads\/2022\/08\/B8051088-FE91-4B09-A5E3-215854860C85-768x512.jpeg 768w\" sizes=\"auto, (max-width: 1024px) 100vw, 1024px\" \/><\/figure>\n","protected":false},"excerpt":{"rendered":"<p>*Las Fiestas de Santa Ana regresar\u00e1n el pr\u00f3ximo a\u00f1o con m\u00e1s fuerza que nunca, destac\u00f3 el Alcalde JM Un\u00e1nue. *Ni la lluvia detuvo al p\u00fablico en el gran concierto de Aar\u00f3n y su Grupo Ilusi\u00f3n. Boca del R\u00edo, Ver.- Cientos de personas se dieron cita este domingo para degustar de la mejor bebida del Estado [&hellip;]<\/p>\n","protected":false},"author":1,"featured_media":30053,"comment_status":"open","ping_status":"open","sticky":false,"template":"","format":"standard","meta":{"_jetpack_memberships_contains_paid_content":false,"footnotes":""},"categories":[2],"tags":[],"class_list":["post-30052","post","type-post","status-publish","format-standard","has-post-thumbnail","hentry","category-estado"],"jetpack_featured_media_url":"https:\/\/encuentroinformativo.com.mx\/wp-content\/uploads\/2022\/08\/C10B2463-34A0-4572-9D93-882951165423.jpeg","jetpack_sharing_enabled":true,"jetpack_likes_enabled":true,"amp_enabled":true,"_links":{"self":[{"href":"https:\/\/encuentroinformativo.com.mx\/index.php?rest_route=\/wp\/v2\/posts\/30052","targetHints":{"allow":["GET"]}}],"collection":[{"href":"https:\/\/encuentroinformativo.com.mx\/index.php?rest_route=\/wp\/v2\/posts"}],"about":[{"href":"https:\/\/encuentroinformativo.com.mx\/index.php?rest_route=\/wp\/v2\/types\/post"}],"author":[{"embeddable":true,"href":"https:\/\/encuentroinformativo.com.mx\/index.php?rest_route=\/wp\/v2\/users\/1"}],"replies":[{"embeddable":true,"href":"https:\/\/encuentroinformativo.com.mx\/index.php?rest_route=%2Fwp%2Fv2%2Fcomments&post=30052"}],"version-history":[{"count":1,"href":"https:\/\/encuentroinformativo.com.mx\/index.php?rest_route=\/wp\/v2\/posts\/30052\/revisions"}],"predecessor-version":[{"id":30055,"href":"https:\/\/encuentroinformativo.com.mx\/index.php?rest_route=\/wp\/v2\/posts\/30052\/revisions\/30055"}],"wp:featuredmedia":[{"embeddable":true,"href":"https:\/\/encuentroinformativo.com.mx\/index.php?rest_route=\/wp\/v2\/media\/30053"}],"wp:attachment":[{"href":"https:\/\/encuentroinformativo.com.mx\/index.php?rest_route=%2Fwp%2Fv2%2Fmedia&parent=30052"}],"wp:term":[{"taxonomy":"category","embeddable":true,"href":"https:\/\/encuentroinformativo.com.mx\/index.php?rest_route=%2Fwp%2Fv2%2Fcategories&post=30052"},{"taxonomy":"post_tag","embeddable":true,"href":"https:\/\/encuentroinformativo.com.mx\/index.php?rest_route=%2Fwp%2Fv2%2Ftags&post=30052"}],"curies":[{"name":"wp","href":"https:\/\/api.w.org\/{rel}","templated":true}]}}