{"id":30064,"date":"2022-08-01T13:31:53","date_gmt":"2022-08-01T18:31:53","guid":{"rendered":"https:\/\/encuentroinformativo.com.mx\/?p=30064"},"modified":"2022-08-01T13:31:58","modified_gmt":"2022-08-01T18:31:58","slug":"confirma-cuitlahuac-traslado-de-jorge-n-a-penal-de-maxima-seguridad","status":"publish","type":"post","link":"https:\/\/encuentroinformativo.com.mx\/?p=30064","title":{"rendered":"Confirma Cuitl\u00e1huac traslado de Jorge \u201cN\u201d a penal de m\u00e1xima seguridad"},"content":{"rendered":"\n<p><strong>Dar\u00edo Pale<\/strong><\/p>\n\n\n\n<p>Xalapa, Ver.- El gobernador del estado Cuitl\u00e1huac Garc\u00eda Jim\u00e9nez dio a conocer que Jorge &#8220;N&#8221;, fue trasladado a otro penal por su seguridad donde contar\u00e1 con todas las medidas preventivas ya que es un objetivo importante y relevante en las Mesas de la Construcci\u00f3n de La Paz.<\/p>\n\n\n\n<p>En conferencia de prensa se\u00f1al\u00f3 que despu\u00e9s de que se le dictar\u00e1 prisi\u00f3n preventiva por parte del Juez de Control el pasado domingo 31 de julio es que se determin\u00f3 su traslado.<\/p>\n\n\n\n<p>Garc\u00eda Jim\u00e9nez hizo hincapi\u00e9 de que Jorge \u201cN\u201d podr\u00eda estar en peligro si se quedaba en el penal de Pacho Viejo, pues otros personajes que fueron detenidos quiz\u00e1s o acusados en su momento cuando \u00e9l era titular de la Fiscal\u00eda General del Estado (FGE).<\/p>\n\n\n\n<p>\u201cPor ser un objetivo importante relevante de las mesas de la Construcci\u00f3n de la Paz y como ustedes se enteraron se traslad\u00f3 a un penal donde se le garantizara mayor seguridad; el problema es que ah\u00ed en Pacho pues hay otros personajes que fueron detenidos quiz\u00e1s o acusados en su momento cuando \u00e9l era fiscal, entonces si hab\u00eda que tener una garant\u00eda de mayor seguridad y por eso fue traslado a otro penal de m\u00e1xima seguridad\u201d, se\u00f1al\u00f3.<\/p>\n\n\n\n<p>Dio a conocer que Jorge \u201cN\u201d es acusado por desaparici\u00f3n forzada, por lo que se le gir\u00f3 una orden de aprehensi\u00f3n desde el 2019, sin embargo, despu\u00e9s de estar pr\u00f3fugo de la justicia, la semana pasada fue detenido y trasladado al penal de Pacho Viejo.<\/p>\n\n\n\n<p>Por \u00faltimo sobre este tema cabe recordar que fue este domingo 31 cuando el Juez confirm\u00f3 la medida cautelar de prisi\u00f3n preventiva oficiosa por un a\u00f1o y cinco meses de investigaci\u00f3n complementaria, dentro del proceso penal 296\/2019.<\/p>\n","protected":false},"excerpt":{"rendered":"<p>Dar\u00edo Pale Xalapa, Ver.- El gobernador del estado Cuitl\u00e1huac Garc\u00eda Jim\u00e9nez dio a conocer que Jorge &#8220;N&#8221;, fue trasladado a otro penal por su seguridad donde contar\u00e1 con todas las medidas preventivas ya que es un objetivo importante y relevante en las Mesas de la Construcci\u00f3n de La Paz. En conferencia de prensa se\u00f1al\u00f3 que [&hellip;]<\/p>\n","protected":false},"author":1,"featured_media":30065,"comment_status":"open","ping_status":"open","sticky":false,"template":"","format":"standard","meta":{"_jetpack_memberships_contains_paid_content":false,"footnotes":""},"categories":[2],"tags":[],"class_list":["post-30064","post","type-post","status-publish","format-standard","has-post-thumbnail","hentry","category-estado"],"jetpack_featured_media_url":"https:\/\/encuentroinformativo.com.mx\/wp-content\/uploads\/2022\/08\/AB3A65C3-E996-48B2-B727-B6F5EA3BE675.jpeg","jetpack_sharing_enabled":true,"jetpack_likes_enabled":true,"amp_enabled":true,"_links":{"self":[{"href":"https:\/\/encuentroinformativo.com.mx\/index.php?rest_route=\/wp\/v2\/posts\/30064","targetHints":{"allow":["GET"]}}],"collection":[{"href":"https:\/\/encuentroinformativo.com.mx\/index.php?rest_route=\/wp\/v2\/posts"}],"about":[{"href":"https:\/\/encuentroinformativo.com.mx\/index.php?rest_route=\/wp\/v2\/types\/post"}],"author":[{"embeddable":true,"href":"https:\/\/encuentroinformativo.com.mx\/index.php?rest_route=\/wp\/v2\/users\/1"}],"replies":[{"embeddable":true,"href":"https:\/\/encuentroinformativo.com.mx\/index.php?rest_route=%2Fwp%2Fv2%2Fcomments&post=30064"}],"version-history":[{"count":1,"href":"https:\/\/encuentroinformativo.com.mx\/index.php?rest_route=\/wp\/v2\/posts\/30064\/revisions"}],"predecessor-version":[{"id":30066,"href":"https:\/\/encuentroinformativo.com.mx\/index.php?rest_route=\/wp\/v2\/posts\/30064\/revisions\/30066"}],"wp:featuredmedia":[{"embeddable":true,"href":"https:\/\/encuentroinformativo.com.mx\/index.php?rest_route=\/wp\/v2\/media\/30065"}],"wp:attachment":[{"href":"https:\/\/encuentroinformativo.com.mx\/index.php?rest_route=%2Fwp%2Fv2%2Fmedia&parent=30064"}],"wp:term":[{"taxonomy":"category","embeddable":true,"href":"https:\/\/encuentroinformativo.com.mx\/index.php?rest_route=%2Fwp%2Fv2%2Fcategories&post=30064"},{"taxonomy":"post_tag","embeddable":true,"href":"https:\/\/encuentroinformativo.com.mx\/index.php?rest_route=%2Fwp%2Fv2%2Ftags&post=30064"}],"curies":[{"name":"wp","href":"https:\/\/api.w.org\/{rel}","templated":true}]}}