{"id":30068,"date":"2022-08-01T12:40:06","date_gmt":"2022-08-01T17:40:06","guid":{"rendered":"https:\/\/encuentroinformativo.com.mx\/?p=30068"},"modified":"2022-08-01T13:43:43","modified_gmt":"2022-08-01T18:43:43","slug":"cen-del-pan-analiza-accion-de-inconstitucionalidad-de-la-ley-nahle","status":"publish","type":"post","link":"https:\/\/encuentroinformativo.com.mx\/?p=30068","title":{"rendered":"CEN del PAN analiza acci\u00f3n de inconstitucionalidad de la Ley Nahle"},"content":{"rendered":"\n<p><strong>Alejandro \u00c1vila<\/strong><\/p>\n\n\n\n<p>Veracruz, Ver.- El \u00c1rea Jur\u00eddica del Comit\u00e9 Ejecutivo Nacional (CEN) del PAN, analiza la inconstitucionalidad de la Ley Nahle, que fue aprobada este domingo por la noche en el Congreso de Veracruz.<\/p>\n\n\n\n<p>El Senador y coordinador del Grupo Parlamentario del PAN, Julen Rementer\u00eda del Puerto record\u00f3 qu\u00e9, est\u00e1 iniciativa ingreso el pasado jueves al Congreso de Veracruz, y este domingo por la noche, aprovechando su mayor\u00eda, el partido en el poder aprob\u00f3 el dictamen.<\/p>\n\n\n\n<p>&#8220;Ya hay dictamen, un dictamen expr\u00e9s, les urge acabar con el tema, dejar libre a su aspirante, a qui\u00e9n es la \u00fanica beneficiaria hasta el momento directa de esta modificaci\u00f3n, vergonzosamente dejarla ya lista, pero la direcci\u00f3n Jur\u00eddica del partido ya est\u00e1 revisando el asunto, yo s\u00e9 positivamente que se est\u00e1 revisando, esperemos a ver qu\u00e9 resuelven y qu\u00e9 se puede hacer&#8221;, apunt\u00f3.<\/p>\n\n\n\n<p>Rementer\u00eda del Puerto mencion\u00f3 que, tiene conocimiento que, otros actores de partidos pol\u00edticos de oposici\u00f3n, est\u00e1n planteando llevar este asunto a los tribunales, aunque sobre ello, habr\u00e1 que esperar, si es posible llevarlo hasta la Corte.<\/p>\n\n\n\n<p>&#8220;Yo lo que creo, es que m\u00e1s all\u00e1, esto no tiene ninguna dedicatoria hacia alguna persona, lo que tiene simplemente, es que no pueden ser estas modificaciones o no deban hacer estas modificaciones, simplemente por dedicatoria individual&#8221;, remat\u00f3.<\/p>\n","protected":false},"excerpt":{"rendered":"<p>Alejandro \u00c1vila Veracruz, Ver.- El \u00c1rea Jur\u00eddica del Comit\u00e9 Ejecutivo Nacional (CEN) del PAN, analiza la inconstitucionalidad de la Ley Nahle, que fue aprobada este domingo por la noche en el Congreso de Veracruz. El Senador y coordinador del Grupo Parlamentario del PAN, Julen Rementer\u00eda del Puerto record\u00f3 qu\u00e9, est\u00e1 iniciativa ingreso el pasado jueves [&hellip;]<\/p>\n","protected":false},"author":1,"featured_media":28728,"comment_status":"open","ping_status":"open","sticky":false,"template":"","format":"standard","meta":{"_jetpack_memberships_contains_paid_content":false,"footnotes":""},"categories":[2],"tags":[],"class_list":["post-30068","post","type-post","status-publish","format-standard","has-post-thumbnail","hentry","category-estado"],"jetpack_featured_media_url":"https:\/\/encuentroinformativo.com.mx\/wp-content\/uploads\/2022\/06\/5A7FB4C2-F19C-448E-A288-3E2752EF4375.jpeg","jetpack_sharing_enabled":true,"jetpack_likes_enabled":true,"amp_enabled":true,"_links":{"self":[{"href":"https:\/\/encuentroinformativo.com.mx\/index.php?rest_route=\/wp\/v2\/posts\/30068","targetHints":{"allow":["GET"]}}],"collection":[{"href":"https:\/\/encuentroinformativo.com.mx\/index.php?rest_route=\/wp\/v2\/posts"}],"about":[{"href":"https:\/\/encuentroinformativo.com.mx\/index.php?rest_route=\/wp\/v2\/types\/post"}],"author":[{"embeddable":true,"href":"https:\/\/encuentroinformativo.com.mx\/index.php?rest_route=\/wp\/v2\/users\/1"}],"replies":[{"embeddable":true,"href":"https:\/\/encuentroinformativo.com.mx\/index.php?rest_route=%2Fwp%2Fv2%2Fcomments&post=30068"}],"version-history":[{"count":1,"href":"https:\/\/encuentroinformativo.com.mx\/index.php?rest_route=\/wp\/v2\/posts\/30068\/revisions"}],"predecessor-version":[{"id":30069,"href":"https:\/\/encuentroinformativo.com.mx\/index.php?rest_route=\/wp\/v2\/posts\/30068\/revisions\/30069"}],"wp:featuredmedia":[{"embeddable":true,"href":"https:\/\/encuentroinformativo.com.mx\/index.php?rest_route=\/wp\/v2\/media\/28728"}],"wp:attachment":[{"href":"https:\/\/encuentroinformativo.com.mx\/index.php?rest_route=%2Fwp%2Fv2%2Fmedia&parent=30068"}],"wp:term":[{"taxonomy":"category","embeddable":true,"href":"https:\/\/encuentroinformativo.com.mx\/index.php?rest_route=%2Fwp%2Fv2%2Fcategories&post=30068"},{"taxonomy":"post_tag","embeddable":true,"href":"https:\/\/encuentroinformativo.com.mx\/index.php?rest_route=%2Fwp%2Fv2%2Ftags&post=30068"}],"curies":[{"name":"wp","href":"https:\/\/api.w.org\/{rel}","templated":true}]}}