{"id":30073,"date":"2022-08-01T13:54:15","date_gmt":"2022-08-01T18:54:15","guid":{"rendered":"https:\/\/encuentroinformativo.com.mx\/?p=30073"},"modified":"2022-08-01T13:54:19","modified_gmt":"2022-08-01T18:54:19","slug":"falso-presunta-caida-de-ovni-en-veracruz-puerto-pc","status":"publish","type":"post","link":"https:\/\/encuentroinformativo.com.mx\/?p=30073","title":{"rendered":"Falso presunta ca\u00edda de OVNI en Veracruz Puerto: PC"},"content":{"rendered":"\n<p><strong>Alejandra \u00c1vila<\/strong><\/p>\n\n\n\n<p>Veracruz, Ver.- La presunta ca\u00edda de un Objeto Volador No Identificado (OVNI), en el fraccionamiento Lomas de R\u00edo Medio durante la noche de este domingo, se trat\u00f3 de una noticia falsa divulgada en redes sociales, asegur\u00f3 el director de Protecci\u00f3n Civil de Veracruz, Alfonso Garc\u00eda Cardona.<\/p>\n\n\n\n<p>La noche de este domingo se hizo viral en redes sociales, la imagen de un artefacto redondo con una antena, el cual se aseguraba hab\u00eda ca\u00eddo sobre un \u00e1rbol a las afueras de una vivienda del mencionado fraccionamiento.<\/p>\n\n\n\n<p>El propio meteor\u00f3logo, Isidro Cano Luna, mencion\u00f3 en una publicaci\u00f3n en sus redes sociales, qu\u00e9 se deb\u00eda tener cuidado, y que por seguridad, ning\u00fan ciudadano intentar\u00e1 abrir este objeto, ya que est\u00e9 deb\u00eda hacer encapsulado con un equipo especial de la Secretar\u00eda de Marina (SEMAR) y de la Secretar\u00eda de la Defensa Nacional (SEDENA).<\/p>\n\n\n\n<p>En entrevista concedida este lunes, el director de Protecci\u00f3n Civil de Veracruz asegur\u00f3 qu\u00e9, no existi\u00f3 ninguna llamada de emergencia por parte de los vecinos de la zona; adem\u00e1s de que, nadie en sus publicaciones coloc\u00f3 la ubicaci\u00f3n del presunto artefacto.<\/p>\n\n\n\n<p>\u201cSolamente hubo una publicaci\u00f3n, una foto nada m\u00e1s, no hay m\u00e1s, saquen sus conclusiones, si solamente hay una foto de una solo \u00e1ngulo, pues que no es normal. No hubo ninguna llamada de la gente, ni reporte que hayan hecho al 911 y cuando vi las publicaciones es la misma foto en la copa de un \u00e1rbol, puede ser una foto en cualquier parte del mundo\u201d, subray\u00f3.<\/p>\n\n\n\n<p>A pesar de que la imagen se hizo viral, recalc\u00f3 qu\u00e9, los elementos a su cargo no realizaron ning\u00fan tipo de operativo o recorrido por el sitio.<\/p>\n\n\n\n<p>\u201cDij\u00e9ramos hubieran 10 fotos, hubiera sido el caso, se hubiera inundado de llamadas, hubiera 20 fotos y conociendo como es la raza en Veracruz, ya lo hubieran bajado. No puedo tomar nada oficial de las redes sociales, hasta que tenga llamada\u201d.<\/p>\n","protected":false},"excerpt":{"rendered":"<p>Alejandra \u00c1vila Veracruz, Ver.- La presunta ca\u00edda de un Objeto Volador No Identificado (OVNI), en el fraccionamiento Lomas de R\u00edo Medio durante la noche de este domingo, se trat\u00f3 de una noticia falsa divulgada en redes sociales, asegur\u00f3 el director de Protecci\u00f3n Civil de Veracruz, Alfonso Garc\u00eda Cardona. La noche de este domingo se hizo [&hellip;]<\/p>\n","protected":false},"author":1,"featured_media":30074,"comment_status":"open","ping_status":"open","sticky":false,"template":"","format":"standard","meta":{"_jetpack_memberships_contains_paid_content":false,"footnotes":""},"categories":[2],"tags":[],"class_list":["post-30073","post","type-post","status-publish","format-standard","has-post-thumbnail","hentry","category-estado"],"jetpack_featured_media_url":"https:\/\/encuentroinformativo.com.mx\/wp-content\/uploads\/2022\/08\/248D2395-7B41-499A-B167-E1F9C3227D0A.jpeg","jetpack_sharing_enabled":true,"jetpack_likes_enabled":true,"amp_enabled":true,"_links":{"self":[{"href":"https:\/\/encuentroinformativo.com.mx\/index.php?rest_route=\/wp\/v2\/posts\/30073","targetHints":{"allow":["GET"]}}],"collection":[{"href":"https:\/\/encuentroinformativo.com.mx\/index.php?rest_route=\/wp\/v2\/posts"}],"about":[{"href":"https:\/\/encuentroinformativo.com.mx\/index.php?rest_route=\/wp\/v2\/types\/post"}],"author":[{"embeddable":true,"href":"https:\/\/encuentroinformativo.com.mx\/index.php?rest_route=\/wp\/v2\/users\/1"}],"replies":[{"embeddable":true,"href":"https:\/\/encuentroinformativo.com.mx\/index.php?rest_route=%2Fwp%2Fv2%2Fcomments&post=30073"}],"version-history":[{"count":1,"href":"https:\/\/encuentroinformativo.com.mx\/index.php?rest_route=\/wp\/v2\/posts\/30073\/revisions"}],"predecessor-version":[{"id":30075,"href":"https:\/\/encuentroinformativo.com.mx\/index.php?rest_route=\/wp\/v2\/posts\/30073\/revisions\/30075"}],"wp:featuredmedia":[{"embeddable":true,"href":"https:\/\/encuentroinformativo.com.mx\/index.php?rest_route=\/wp\/v2\/media\/30074"}],"wp:attachment":[{"href":"https:\/\/encuentroinformativo.com.mx\/index.php?rest_route=%2Fwp%2Fv2%2Fmedia&parent=30073"}],"wp:term":[{"taxonomy":"category","embeddable":true,"href":"https:\/\/encuentroinformativo.com.mx\/index.php?rest_route=%2Fwp%2Fv2%2Fcategories&post=30073"},{"taxonomy":"post_tag","embeddable":true,"href":"https:\/\/encuentroinformativo.com.mx\/index.php?rest_route=%2Fwp%2Fv2%2Ftags&post=30073"}],"curies":[{"name":"wp","href":"https:\/\/api.w.org\/{rel}","templated":true}]}}