{"id":30091,"date":"2022-08-01T11:42:51","date_gmt":"2022-08-01T16:42:51","guid":{"rendered":"https:\/\/encuentroinformativo.com.mx\/?p=30091"},"modified":"2022-08-01T15:50:48","modified_gmt":"2022-08-01T20:50:48","slug":"segun-panistas-buscaran-paridad-en-direccion-de-organos","status":"publish","type":"post","link":"https:\/\/encuentroinformativo.com.mx\/?p=30091","title":{"rendered":"Seg\u00fan panistas, buscar\u00e1n paridad en direcci\u00f3n de \u00f3rganos"},"content":{"rendered":"\n<p><strong>Dar\u00edo Pale <\/strong><\/p>\n\n\n\n<p>Xalapa, Ver.- El pr\u00f3ximo 10 de agosto, integrantes del Comit\u00e9 Ejecutivo Nacional (CEN) estar\u00e1n en la entidad veracruzana para mantener contacto con la militancia y la sociedad, as\u00ed lo dio a conocer el presidente del Comit\u00e9 Directivo Estatal del Partido Acci\u00f3n Nacional (PAN), Federico Salom\u00f3n Molina.<\/p>\n\n\n\n<p>En conferencia de prensa se\u00f1al\u00f3 que buscan la paridad de g\u00e9nero en \u00f3rganos de direcci\u00f3n del PAN, por lo que en septiembre y octubre se pretende renovar los 136 comit\u00e9s municipales, con la finalidad de realizar una retroalimentaci\u00f3n para el programa de acci\u00f3n pol\u00edtica del instituto pol\u00edtico.<\/p>\n\n\n\n<p>\u201cPara lo cual en pr\u00f3ximos d\u00edas circular\u00e1 la convocatoria con los requisitos necesarios para conformar dichos \u00f3rganos y el 23 de octubre se efectuar\u00e1 la asamblea estatal en la que ser\u00e1n electos los consejeros estatales y las propuestas de los candidatos a consejeros nacionales basados en el principio de paridad que mandata la Ley&#8221;, se\u00f1al\u00f3.<\/p>\n\n\n\n<p>Agreg\u00f3 que ser\u00e1 en noviembre cuando se llevar\u00e1 a cabo la asamblea nacional que ser\u00e1 integrada al Consejo Nacional para votar el programa de acci\u00f3n pol\u00edtica y la reforma a los estatutos para, entre otras cosas, se facilite la afiliaci\u00f3n al partido.<\/p>\n\n\n\n<p>&#8220;Adem\u00e1s, fortalecer la inclusi\u00f3n en el partido y regularizar la paridad de g\u00e9nero en todos los \u00f3rganos de direcci\u00f3n&#8221;, coment\u00f3.<\/p>\n\n\n\n<p>Federico Salom\u00f3n coment\u00f3 que est\u00e1n \u00a0orgullosos de que su partido est\u00e9 integrado por mujeres y hombres que se han distinguido por luchar por la construcci\u00f3n de un r\u00e9gimen pol\u00edtico que garantice las libertades, los derechos y el desarrollo para todas las personas.<\/p>\n\n\n\n<p>Finalmente dio a conocer que, &#8220;en Acci\u00f3n Nacional los ciudadanos votan libremente, sin ninguna presi\u00f3n, amenaza, enga\u00f1o o falsa promesa. Por eso nuestros colores significan pureza y transparencia del voto&#8221;.<\/p>\n","protected":false},"excerpt":{"rendered":"<p>Dar\u00edo Pale Xalapa, Ver.- El pr\u00f3ximo 10 de agosto, integrantes del Comit\u00e9 Ejecutivo Nacional (CEN) estar\u00e1n en la entidad veracruzana para mantener contacto con la militancia y la sociedad, as\u00ed lo dio a conocer el presidente del Comit\u00e9 Directivo Estatal del Partido Acci\u00f3n Nacional (PAN), Federico Salom\u00f3n Molina. En conferencia de prensa se\u00f1al\u00f3 que buscan [&hellip;]<\/p>\n","protected":false},"author":1,"featured_media":30092,"comment_status":"open","ping_status":"open","sticky":false,"template":"","format":"standard","meta":{"_jetpack_memberships_contains_paid_content":false,"footnotes":""},"categories":[2],"tags":[],"class_list":["post-30091","post","type-post","status-publish","format-standard","has-post-thumbnail","hentry","category-estado"],"jetpack_featured_media_url":"https:\/\/encuentroinformativo.com.mx\/wp-content\/uploads\/2022\/08\/6C451B30-7A9D-4D47-8F2F-29C84E557775.jpeg","jetpack_sharing_enabled":true,"jetpack_likes_enabled":true,"amp_enabled":true,"_links":{"self":[{"href":"https:\/\/encuentroinformativo.com.mx\/index.php?rest_route=\/wp\/v2\/posts\/30091","targetHints":{"allow":["GET"]}}],"collection":[{"href":"https:\/\/encuentroinformativo.com.mx\/index.php?rest_route=\/wp\/v2\/posts"}],"about":[{"href":"https:\/\/encuentroinformativo.com.mx\/index.php?rest_route=\/wp\/v2\/types\/post"}],"author":[{"embeddable":true,"href":"https:\/\/encuentroinformativo.com.mx\/index.php?rest_route=\/wp\/v2\/users\/1"}],"replies":[{"embeddable":true,"href":"https:\/\/encuentroinformativo.com.mx\/index.php?rest_route=%2Fwp%2Fv2%2Fcomments&post=30091"}],"version-history":[{"count":1,"href":"https:\/\/encuentroinformativo.com.mx\/index.php?rest_route=\/wp\/v2\/posts\/30091\/revisions"}],"predecessor-version":[{"id":30093,"href":"https:\/\/encuentroinformativo.com.mx\/index.php?rest_route=\/wp\/v2\/posts\/30091\/revisions\/30093"}],"wp:featuredmedia":[{"embeddable":true,"href":"https:\/\/encuentroinformativo.com.mx\/index.php?rest_route=\/wp\/v2\/media\/30092"}],"wp:attachment":[{"href":"https:\/\/encuentroinformativo.com.mx\/index.php?rest_route=%2Fwp%2Fv2%2Fmedia&parent=30091"}],"wp:term":[{"taxonomy":"category","embeddable":true,"href":"https:\/\/encuentroinformativo.com.mx\/index.php?rest_route=%2Fwp%2Fv2%2Fcategories&post=30091"},{"taxonomy":"post_tag","embeddable":true,"href":"https:\/\/encuentroinformativo.com.mx\/index.php?rest_route=%2Fwp%2Fv2%2Ftags&post=30091"}],"curies":[{"name":"wp","href":"https:\/\/api.w.org\/{rel}","templated":true}]}}