{"id":30116,"date":"2022-08-02T10:01:34","date_gmt":"2022-08-02T15:01:34","guid":{"rendered":"https:\/\/encuentroinformativo.com.mx\/?p=30116"},"modified":"2022-08-02T10:02:17","modified_gmt":"2022-08-02T15:02:17","slug":"ora-si-a-temblaaaaaar","status":"publish","type":"post","link":"https:\/\/encuentroinformativo.com.mx\/?p=30116","title":{"rendered":"ORA S\u00cd\u2026 \u00a1A TEMBLAAAAAAR!"},"content":{"rendered":"\n<p><strong>ColumnaSinNombre<br>@pablojair<\/strong><\/p>\n\n\n\n<ul class=\"wp-block-list\"><li>Buscan anular la audiencia de Jorge \u201cN\u201d.<\/li><li>M\u00e1s de 200 mil veracruzanos participaron.<\/li><li>Juez y poli, dos m\u00e1s en el caso del ex fiscal.<\/li><\/ul>\n\n\n\n<p>Antes, puras verduritas; ahora le van a dar chorizo.<br>&#8211;Chopenjawer<\/p>\n\n\n\n<p>Este fin de semana fue muy movido en la parte medi\u00e1tica en Veracruz, pero dos temas destacaron: las elecciones para consejeros de Morena y la vinculaci\u00f3n a proceso de Jorge &#8220;N&#8221;, el ex fiscal de Veracruz ligado a la familia Yunes M\u00e1rquez, cuyo patriarca es el exgobernador Miguel \u00c1ngel Yunes Linares.<\/p>\n\n\n\n<p>Vamos por partes, dir\u00eda Jeffrey Dahmer (ya est\u00e1 muy choteado Jack &#8220;El Destripador&#8221;).<\/p>\n\n\n\n<p>En la elecci\u00f3n de consejeros distritales de Morena llam\u00f3 mucho la atenci\u00f3n el caso de Minatitl\u00e1n: una diputada local (en aparente estado inconveniente) llamada Jessica Ram\u00edrez lleg\u00f3 hasta el centro de votaci\u00f3n a tratar de reventar la jornada. Lleg\u00f3 tirando las urnas y de paso quer\u00eda apoderarse de las boletas.<\/p>\n\n\n\n<p>Jessica es muy cercana al diputado federal Sergio Guti\u00e9rrez Luna, a quien manejan como candidato a la gubernatura.<\/p>\n\n\n\n<p>Por los desmanes de la legisladora, los presentes pidieron el apoyo de la Polic\u00eda Municipal para calmar la violencia y pr\u00e1cticamente la corrieron a gritos. Los gendarmes no se dejaron intimidar con la charola de &#8220;diputada&#8221; (como debe ser) y la sacaron de puntitas a la gaver.<\/p>\n\n\n\n<p>\u00bfY cu\u00e1l era el motivo? Pues que ella y su amigo \u00edntimo Sergio iban con una votaci\u00f3n muy baja, por lo que iban a quedar fuera de los primeros lugares para ser consejeros de Morena.<\/p>\n\n\n\n<p>De hecho, seg\u00fan los n\u00fameros hasta el momento, a Sergio y Jessica les pueden decir: &#8220;Gracias por participar; suerte para la pr\u00f3xima\u201d, porque no les alcanzan los votos para ser consejeros.<\/p>\n\n\n\n<p>Pero el que hizo mayor rid\u00edculo fue el legislador federal, pues tanto ha gastado en su imagen personal, tanto ha invertido en desayunos con aduladores profesionales, pero la estrategia le fall\u00f3: en Minatitl\u00e1n, donde dice haber nacido, apenas alcanz\u00f3 138 votos, cuando en teor\u00eda por su &#8220;popularidad&#8221; y amplia publicidad era para que hubiese arrasado con miles.<\/p>\n\n\n\n<p>Digo, es lo menos que se esperar\u00eda de quien dicen va a ser candidato a gobernador.<\/p>\n\n\n\n<p>Un ejemplo: al principio de su gesti\u00f3n como presidente de la C\u00e1mara de Diputados hizo un evento donde &#8220;reuni\u00f3&#8221; a miles en el Casino Petrolero de Minatitl\u00e1n (como si los de Mina no supi\u00e9ramos c\u00f3mo se hace eso de la &#8220;movilizaci\u00f3n&#8221;). Un lugar donde f\u00e1cilmente caben 2 mil personas o m\u00e1s<\/p>\n\n\n\n<p>Bueno, en teor\u00eda, esas dos mil personas son las que de perdido deber\u00edan haber votado por Sergio, pero\u2026 nada\u2026 S\u00f3lo tuvo 138 votos\u2026 Los paisanos le pintaron mocos.<\/p>\n\n\n\n<p>Lo anterior tampoco sorprende a nadie: analistas pol\u00edticos serios y &#8220;grillos&#8221; que est\u00e1n al pendiente de lo electoral saben desde hace rato que Sergio Guti\u00e9rrez no trae nada de estructura y s\u00f3lo est\u00e1 quemando el dinero de la C\u00e1mara de Diputados para propaganda personal. Recursos que, por cierto, se le acaban en septiembre pr\u00f3ximo.<\/p>\n\n\n\n<p>Un a\u00f1o le dur\u00f3 la gloria y tuvo el peor final: obtener menos de 140 p\u00edrricos votos en una elecci\u00f3n partidista abierta al p\u00fablico. Definitivamente mucha lana para tan poquitos sufragios.<\/p>\n\n\n\n<p>Suerte para la otra o ya m\u00e1ndenselo al T\u00edo Dante, aunque no le gusten morenitos.<\/p>\n\n\n\n<p>ORA S\u00cd, A TEMBLAAAAAR<\/p>\n\n\n\n<p>El otro tema fue el de Jorge &#8220;N&#8221;, el exfiscal de Veracruz al que le dieron un a\u00f1o de prisi\u00f3n preventiva por los presuntos delitos (graves) de secuestro y desaparici\u00f3n forzada.<\/p>\n\n\n\n<p>Esto sin duda es un primer paso para la justicia que piden las v\u00edctimas y se esperar\u00eda que con la investigaci\u00f3n y pruebas que ya tienen los abogados de las partes ofendidas, antes de que acabe el sexenio ya exista una sentencia definitiva contra Jorge &#8220;N&#8221;, que podr\u00eda alcanzar hasta 50 a\u00f1os.<\/p>\n\n\n\n<p>No obstante, y hay que decirlo, con casos de alto perfil como el reciente de Pasiano Rueda, alcalde electo de Jes\u00fas Carranza, y de Jos\u00e9 Manuel del R\u00edo Virgen, secretario t\u00e9cnico del Senado, detenidos por las autoridades del estado por diferentes se\u00f1alamientos, pareciera que no logra la Fiscal\u00eda ser contundente en pruebas y terminan con los acusados en libertad.<\/p>\n\n\n\n<p>La diferencia en el caso de Jorge &#8220;N&#8221; son los abogados que han estado muy al tanto de sus clientes con estas acusaciones graves; es decir, se supone que no est\u00e1 todo en manos de la Fiscal\u00eda y esta a su vez tendr\u00eda material para no dejar que Jorge &#8220;N&#8221; salga de la c\u00e1rcel.<\/p>\n\n\n\n<p>Tampoco es una persecuci\u00f3n pol\u00edtica como los corifeos de Jorge &#8220;N&#8221; quieren hacer creer, pues son muy graves las acusaciones en contra \u2014mas las que se puedan sumar\u2014 pero definitivamente s\u00ed es un trofeo pol\u00edtico que puede presumir la 4T, pues se detuvo ni m\u00e1s ni menos que al ex titular de la poderosa Fiscal\u00eda General del Estado, que es un ente aut\u00f3nomo con muchos recursos propios, con su propia polic\u00eda, su propio presupuesto.<\/p>\n\n\n\n<p>Pero ni bien est\u00e1bamos leyendo sobre la vinculaci\u00f3n a proceso, cuando este lunes por la ma\u00f1ana se dio a conocer que Jorge &#8220;N&#8221; fue trasladado al penal del Altiplano, mejor conocido como Almoloya; uno de los centros penitenciarios federales de mayor seguridad en el pa\u00eds.<\/p>\n\n\n\n<p>La noticia debe haber ca\u00eddo como balde de agua fr\u00eda a los amiguitos de Jorge &#8220;N&#8221;, pues all\u00e1 dif\u00edcilmente les van a permitir hacer el show medi\u00e1tico que acostumbran aqu\u00ed en la aldea.<\/p>\n\n\n\n<p>Por lo pronto, trasciende que el traslado no s\u00f3lo es por la seguridad del hoy detenido, sino que se habla de otros delitos federales que le estar\u00edan configurando. El caso alcanzar\u00eda a otros personajes, pues ya este lunes trascendi\u00f3 que van sobre una juez y un ex agente ministerial que se prestaron a las detenciones arbitrarias de Jorge \u201cN\u201d cuando era titular de la FGE.<\/p>\n\n\n\n<p>El mensaje es claro: el tema no es meramente local y no s\u00f3lo es Jorge.<\/p>\n\n\n\n<p>La principal l\u00ednea de defensa es buscar el amparo de la justicia federal; no obstante, el escenario para el exfiscal no es favorable, pero todo depender\u00e1 del sustento, contundencia y pulcritud que presente la Fiscal\u00eda en los pr\u00f3ximos meses.<\/p>\n\n\n\n<p>Por lo pronto, Jorge \u201cN\u201d ya debe haber dimensionado la broncota que tiene encima. No por nada le dio el patat\u00fas y ataque de ansiedad en el penal de Pacho Viejo, en su audiencia de este domingo.<\/p>\n\n\n\n<p>No debe ser f\u00e1cil la situaci\u00f3n del exfiscal: de ser un funcionario soberbio, todopoderoso y empoderado, hoy es s\u00f3lo un individuo m\u00e1s del penal de las estrellas, a merced de la justicia que lo reclama y los intereses pol\u00edticos involucrados.<\/p>\n\n\n\n<p>S\u00f3lo eso: un pobre diablo m\u00e1s en el bote, v\u00edctima de sus propias malas decisiones.<\/p>\n\n\n\n<p><strong>NOTA PARA PEGAR EN EL REFRI:<\/strong> En entrevista con el experimentado periodista Rams\u00e9s Yunes Zorrilla, el abogado de Jorge \u201cN\u201d, Rodolfo F\u00e9lix C\u00e1rdenas, revel\u00f3 que buscar anular la audiencia con la que se le vincul\u00f3 a proceso al exfiscal por el tema de hab\u00e9rsele negado la publicidad de su caso (presencia de medios en el juzgado), y porque \u2014argumenta\u2014 no existe tampoco la desaparici\u00f3n forzada de la que lo acusan, pues el supuesto desaparecido no est\u00e1 tal\u2026 Otro punto que toca el abogado es que hicieron la orden de detenci\u00f3n con ley derogada y que no est\u00e1n usando el C\u00f3digo Penal de Veracruz, sino el federal, para se\u00f1alar a Jorge \u201cN\u201d de una supuesta coautor\u00eda de secuestro\u2026 Adelant\u00f3 tambi\u00e9n que buscan imputar al exfiscal yunista con otros delitos, entre los que est\u00e1 tortura\u2026 A ver qu\u00e9 pasa con esta moco-novela.<\/p>\n\n\n\n<p><strong>OTRA NOTA:<\/strong> \u201cM\u00e1s de 200 mil veracruzanos participaron de manera libre y democr\u00e1tica en el proceso interno de nuestro partido, el cual se llev\u00f3 a cabo sin incidentes graves que pudieran ponerlo en riesgo de anulaci\u00f3n\u201d, se\u00f1al\u00f3 Esteban Ram\u00edrez Zepeta, Delegado Nacional en funciones de Dirigente Estatal del partido Morena en Veracruz\u2026 El dirigente morenista enfatiz\u00f3 que el proceso interno se realiz\u00f3 con una gran participaci\u00f3n ciudadana y sin incidentes mayores, \u201clo que evita que haya riesgos de que pudiera anularse\u201d\u2026 \u201cAhora lo que estamos es esperando que se culminen los conteos para que la paqueter\u00eda pueda ser enviada a las oficinas centrales del partido en la CDMX y con ello solo esperaremos entonces el 13 de agosto para que se realice el Consejo Estatal y se elija al nuevo Comit\u00e9 Ejecutivo Estatal de Morena\u201d, asegur\u00f3 Ram\u00edrez Zepeta.<\/p>\n\n\n\n<p><strong>LA \u00daLTIMA PORQUE TOCA DESVELO PARA \u201cBETTER CALL SAUL\u201d: <\/strong>\u201cYa la FGR ejercit\u00f3 acci\u00f3n penal contra la juez Alma Aleida \u201cN\u201d y el ex elemento de la Polic\u00eda Ministerial Gamaliel \u201cN\u201d por presunta violaci\u00f3n a la suspensi\u00f3n provisional concedida a Luis \u00c1ngel Bravo Contreras, que imped\u00eda que \u00e9ste fuera detenido y mucho menos que fuese sujeto a medida cautelar de prisi\u00f3n. Gamaliel \u201cN\u201d, fue quien encabez\u00f3 el operativo para detener a Luis \u00c1ngel Bravo en la Ciudad de M\u00e9xico el 17 de junio de 2018, bajo las \u00f3rdenes de Luis Eduardo \u201cN\u201d, ex Fiscal Especializado en Atenci\u00f3n de Denuncias por Personas Desaparecidas. Alma Aleida, fue la Juez a modo para mantener en prisi\u00f3n a todos los ex funcionarios de la era del duartismo\u201d\u2026 As\u00ed lo informa el portal Versiones, donde est\u00e1 el subdirector m\u00e1s guapo de todos los portales informativos.<\/p>\n","protected":false},"excerpt":{"rendered":"<p>ColumnaSinNombre@pablojair Buscan anular la audiencia de Jorge \u201cN\u201d. M\u00e1s de 200 mil veracruzanos participaron. Juez y poli, dos m\u00e1s en el caso del ex fiscal. Antes, puras verduritas; ahora le van a dar chorizo.&#8211;Chopenjawer Este fin de semana fue muy movido en la parte medi\u00e1tica en Veracruz, pero dos temas destacaron: las elecciones para consejeros [&hellip;]<\/p>\n","protected":false},"author":1,"featured_media":488,"comment_status":"open","ping_status":"open","sticky":false,"template":"","format":"standard","meta":{"_jetpack_memberships_contains_paid_content":false,"footnotes":""},"categories":[11],"tags":[],"class_list":["post-30116","post","type-post","status-publish","format-standard","has-post-thumbnail","hentry","category-opinion"],"jetpack_featured_media_url":"https:\/\/encuentroinformativo.com.mx\/wp-content\/uploads\/2020\/03\/F471F608-BA1A-416B-BA7B-BCFB24F4E6D0.jpeg","jetpack_sharing_enabled":true,"jetpack_likes_enabled":true,"amp_enabled":true,"_links":{"self":[{"href":"https:\/\/encuentroinformativo.com.mx\/index.php?rest_route=\/wp\/v2\/posts\/30116","targetHints":{"allow":["GET"]}}],"collection":[{"href":"https:\/\/encuentroinformativo.com.mx\/index.php?rest_route=\/wp\/v2\/posts"}],"about":[{"href":"https:\/\/encuentroinformativo.com.mx\/index.php?rest_route=\/wp\/v2\/types\/post"}],"author":[{"embeddable":true,"href":"https:\/\/encuentroinformativo.com.mx\/index.php?rest_route=\/wp\/v2\/users\/1"}],"replies":[{"embeddable":true,"href":"https:\/\/encuentroinformativo.com.mx\/index.php?rest_route=%2Fwp%2Fv2%2Fcomments&post=30116"}],"version-history":[{"count":1,"href":"https:\/\/encuentroinformativo.com.mx\/index.php?rest_route=\/wp\/v2\/posts\/30116\/revisions"}],"predecessor-version":[{"id":30117,"href":"https:\/\/encuentroinformativo.com.mx\/index.php?rest_route=\/wp\/v2\/posts\/30116\/revisions\/30117"}],"wp:featuredmedia":[{"embeddable":true,"href":"https:\/\/encuentroinformativo.com.mx\/index.php?rest_route=\/wp\/v2\/media\/488"}],"wp:attachment":[{"href":"https:\/\/encuentroinformativo.com.mx\/index.php?rest_route=%2Fwp%2Fv2%2Fmedia&parent=30116"}],"wp:term":[{"taxonomy":"category","embeddable":true,"href":"https:\/\/encuentroinformativo.com.mx\/index.php?rest_route=%2Fwp%2Fv2%2Fcategories&post=30116"},{"taxonomy":"post_tag","embeddable":true,"href":"https:\/\/encuentroinformativo.com.mx\/index.php?rest_route=%2Fwp%2Fv2%2Ftags&post=30116"}],"curies":[{"name":"wp","href":"https:\/\/api.w.org\/{rel}","templated":true}]}}