{"id":30118,"date":"2022-08-02T10:09:57","date_gmt":"2022-08-02T15:09:57","guid":{"rendered":"https:\/\/encuentroinformativo.com.mx\/?p=30118"},"modified":"2022-08-02T10:09:59","modified_gmt":"2022-08-02T15:09:59","slug":"oposicion-por-que-no-nahle","status":"publish","type":"post","link":"https:\/\/encuentroinformativo.com.mx\/?p=30118","title":{"rendered":"Oposici\u00f3n: Por qu\u00e9 no Nahle"},"content":{"rendered":"\n<p><strong>Los Pol\u00edticos\u00a0<\/strong><\/p>\n\n\n\n<p><strong>Salvador Mu\u00f1oz<\/strong><\/p>\n\n\n\n<p>Creo que el mayor problema que tiene la Oposici\u00f3n no es que se \u201clegalice\u201d la veracruzanidad de Roc\u00edo Nahle\u2026<\/p>\n\n\n\n<p>El \u201cchauvinismo provinciano\u201d que alegan los contras de la \u201cveracruzanizaci\u00f3n\u201d de Nahle y de refil\u00f3n Hugo Guti\u00e9rrez Maldonado, Ram\u00f3n D\u00edaz Avila y hasta de Ricardo Ahued, por citar a los que se ver\u00edan beneficiados con la llamada Ley Nahle, es tan rampl\u00f3n para los tiempos de globalizaci\u00f3n que se viven, que s\u00f3lo dejan ver qu\u00e9 tan arcaicas pueden ser nuestras Leyes o peor tantito, nuestros pensamientos\u2026 \u00a1o las cosas cosas!<\/p>\n\n\n\n<p>En lo particular, si hubiera que elegir entre un \u201cnaturalizado\u201d (como se estila a decir en el argot futbolero), yo votar\u00eda por Ahued, sin pensarlo dos veces.<\/p>\n\n\n\n<p>Y no se trata de misoginia, ni favoritismo por ser xalape\u00f1o (yo soy adoptado)&#8230; sino por trabajo y hasta por reputaci\u00f3n\u2026 recuerden la Leyenda que se teje en torno al Senador con Licencia de que fue bajado por abanderar la lucha de ciudadanos demandando menos cobro de luz\u2026<\/p>\n\n\n\n<p>Hasta cierto punto, se entiende que se busque la armonizaci\u00f3n de las leyes que en otros estados ya se ejerce, como en Quer\u00e9taro, donde Mauricio Kuri Gonz\u00e1lez, nativo de Orizaba, Veracruz, es gobernador; aunque si se ponen a checar las letras chiquitas de la Carta Magna, igual hay luz verde para competir por la gubernatura siempre y cuando se cumpla los requisitos establecidos\u2026<\/p>\n\n\n\n<p>Ahora que si checamos, la bulla que hizo el presidente de la Junta de Coordinaci\u00f3n Pol\u00edtica (Jucopo) del Congreso local, Juan Javier G\u00f3mez Cazar\u00edn, con la Ley Nahle, pareciera que ten\u00eda un objetivo o dos muy claros:<\/p>\n\n\n\n<p>El primero, subir al balc\u00f3n a Roc\u00edo Nahle, no entre los morenos, porque all\u00ed est\u00e1 posicionada\u2026 la pretensi\u00f3n era colocarla en el escenario social, en los medios, en las noticias, entre columnistas, en el chisme, en las pl\u00e1ticas\u2026 no importaba si hablaban bien o mal, era lo de menos; el asunto era que volteara todo mundo a ver qui\u00e9n es Roc\u00edo Nahle, identificarla verbal y visualmente\u2026 los espectaculares no eran suficientes\u2026<\/p>\n\n\n\n<p>Como sea, Roc\u00edo Nahle se ubic\u00f3, se coloc\u00f3, los comerciales fueron buenos\u2026 por supuesto, no es suficiente este aparador en que la pusieron\u2026 pero es el primer paso.<\/p>\n\n\n\n<p>El otro asunto que le interesaba a G\u00f3mez Cazar\u00edn, muy independiente de la armonizaci\u00f3n jur\u00eddica para \u201cjarochizar\u201d a Nahle, era dejar en claro entre el resto de los \u201ccorcholatos de casa\u201d qui\u00e9n es la buena y con un Ahued que pinta su raya, alguno que otro que ya dijo que ha de esperar mejores tiempos, y el resto, ni fu ni fa, todo indica que ese segundo paso ya est\u00e1 establecido\u2026<\/p>\n\n\n\n<p>Por el momento, deja que la Ley Nahle repose\u2026&nbsp; ni caso moverle\u2026 \u00bfpara qu\u00e9? si el esc\u00e1ndalo de las elecciones internas de Morena se comen toda la atenci\u00f3n\u2026<\/p>\n\n\n\n<p>El siguiente paso es cuando se d\u00e9 por hecho la \u201cveracruzanizaci\u00f3n\u201d de Nahle y se lance a los cuatro vientos ello aunque han de precisar que la neojarocha lleva m\u00e1s de 30 a\u00f1os viviendo en la entidad; Ahued, por ejemplo, toda su vida; Hugo Guti\u00e9rrez, cuatro a\u00f1os aproximadamente y Ram\u00f3n D\u00edaz Avila \u00a1sepa la bola!<\/p>\n\n\n\n<p>Vivimos en un mundo globalizado y los \u201cchauvinistas de provincia\u201d han de reclamar y con justa raz\u00f3n que el mundo est\u00e1 globalizado, pero Veracruz no\u2026 insisto, creo que nos falta colmillo a los veracruzanos y ya que se habla e insiste tanto de la naturalizaci\u00f3n de los pol\u00edticos, igual debimos pedir enroques\u2026 \u00bfQu\u00e9 hubiera pasado si a los queretanos les pedimos cambalache? \u00bfEn el 2021 les d\u00e1bamos a Cuic, y que nos prestaran a Mauricio Kuri?<\/p>\n\n\n\n<p>\u00bfO que en la Jucopo, a los campechanos les hubi\u00e9ramos mandado a Juan Javier G\u00f3mez Cazar\u00edn y ellos nos enviaban a Alejandro\u2026 G\u00f3mez Cazar\u00edn? \u00a1Puf! Pues en una de \u00e9sas, y tenemos otro veracruzano que podr\u00eda ser Gobernador pero ahora por Campeche\u2026 \u00a1al tiempo!<\/p>\n\n\n\n<p>Aunque el mayor problema que tiene la Oposici\u00f3n no es que se \u201clegalice\u201d la veracruzanidad de Roc\u00edo Nahle\u2026 sino creo que son dos puntos:<\/p>\n\n\n\n<p>a.- Que crea la Oposici\u00f3n que en una elecci\u00f3n, no le puedan ganar a Nahle\u2026<\/p>\n\n\n\n<p>b.- Que crea la Oposici\u00f3n que Nahle pueda ser peor que Cuic\u2026<\/p>\n\n\n\n<p>Y bien cabr\u00eda el tercer punto:<\/p>\n\n\n\n<p>c.- Las dos anteriores juntas.<\/p>\n\n\n\n<p><a href=\"mailto:smcainito@gmail.com\" target=\"_blank\" rel=\"noreferrer noopener\">smcainito@gmail.com<\/a><\/p>\n","protected":false},"excerpt":{"rendered":"<p>Los Pol\u00edticos\u00a0 Salvador Mu\u00f1oz Creo que el mayor problema que tiene la Oposici\u00f3n no es que se \u201clegalice\u201d la veracruzanidad de Roc\u00edo Nahle\u2026 El \u201cchauvinismo provinciano\u201d que alegan los contras de la \u201cveracruzanizaci\u00f3n\u201d de Nahle y de refil\u00f3n Hugo Guti\u00e9rrez Maldonado, Ram\u00f3n D\u00edaz Avila y hasta de Ricardo Ahued, por citar a los que se [&hellip;]<\/p>\n","protected":false},"author":1,"featured_media":387,"comment_status":"open","ping_status":"open","sticky":false,"template":"","format":"standard","meta":{"_jetpack_memberships_contains_paid_content":false,"footnotes":""},"categories":[2],"tags":[],"class_list":["post-30118","post","type-post","status-publish","format-standard","has-post-thumbnail","hentry","category-estado"],"jetpack_featured_media_url":"https:\/\/encuentroinformativo.com.mx\/wp-content\/uploads\/2020\/03\/7CF8A22B-2764-47BE-8F7F-38FE9E5D6A2F.jpeg","jetpack_sharing_enabled":true,"jetpack_likes_enabled":true,"amp_enabled":true,"_links":{"self":[{"href":"https:\/\/encuentroinformativo.com.mx\/index.php?rest_route=\/wp\/v2\/posts\/30118","targetHints":{"allow":["GET"]}}],"collection":[{"href":"https:\/\/encuentroinformativo.com.mx\/index.php?rest_route=\/wp\/v2\/posts"}],"about":[{"href":"https:\/\/encuentroinformativo.com.mx\/index.php?rest_route=\/wp\/v2\/types\/post"}],"author":[{"embeddable":true,"href":"https:\/\/encuentroinformativo.com.mx\/index.php?rest_route=\/wp\/v2\/users\/1"}],"replies":[{"embeddable":true,"href":"https:\/\/encuentroinformativo.com.mx\/index.php?rest_route=%2Fwp%2Fv2%2Fcomments&post=30118"}],"version-history":[{"count":1,"href":"https:\/\/encuentroinformativo.com.mx\/index.php?rest_route=\/wp\/v2\/posts\/30118\/revisions"}],"predecessor-version":[{"id":30119,"href":"https:\/\/encuentroinformativo.com.mx\/index.php?rest_route=\/wp\/v2\/posts\/30118\/revisions\/30119"}],"wp:featuredmedia":[{"embeddable":true,"href":"https:\/\/encuentroinformativo.com.mx\/index.php?rest_route=\/wp\/v2\/media\/387"}],"wp:attachment":[{"href":"https:\/\/encuentroinformativo.com.mx\/index.php?rest_route=%2Fwp%2Fv2%2Fmedia&parent=30118"}],"wp:term":[{"taxonomy":"category","embeddable":true,"href":"https:\/\/encuentroinformativo.com.mx\/index.php?rest_route=%2Fwp%2Fv2%2Fcategories&post=30118"},{"taxonomy":"post_tag","embeddable":true,"href":"https:\/\/encuentroinformativo.com.mx\/index.php?rest_route=%2Fwp%2Fv2%2Ftags&post=30118"}],"curies":[{"name":"wp","href":"https:\/\/api.w.org\/{rel}","templated":true}]}}