{"id":30120,"date":"2022-08-02T10:24:35","date_gmt":"2022-08-02T15:24:35","guid":{"rendered":"https:\/\/encuentroinformativo.com.mx\/?p=30120"},"modified":"2022-08-02T10:24:39","modified_gmt":"2022-08-02T15:24:39","slug":"inah-da-permiso-para-remodelar-iglesia-de-medellin","status":"publish","type":"post","link":"https:\/\/encuentroinformativo.com.mx\/?p=30120","title":{"rendered":"INAH da permiso para remodelar iglesia de Medell\u00edn"},"content":{"rendered":"\n<p><strong>Alejandro \u00c1vila<\/strong><\/p>\n\n\n\n<p>Medell\u00edn de Bravo, Ver.- La iglesia &#8220;San Miguel Arc\u00e1ngel&#8221; ubicada en la cabecera municipal de Medell\u00edn de Bravo, y que es la segunda m\u00e1s antigua en toda Latinoam\u00e9rica, finalmente ser\u00e1 rehabilitada, tras el visto bueno del Instituto Nacional de Antropolog\u00eda e Historia (INAH).<\/p>\n\n\n\n<p>Es de recordar que est\u00e1 iglesia fue construida en el a\u00f1o 1523, a solicitud del conquistador espa\u00f1ol Hern\u00e1n Cort\u00e9s, espacio que ocupaba de manera personal y para alejarse del bullicio de la ciudad.<\/p>\n\n\n\n<p>Tras meses de gesti\u00f3n del alcalde Marcos Isle\u00f1o Andrade, finalmente el INAH dio luz verde para realizar los trabajos de rehabilitaci\u00f3n, mismos que estar\u00e1n a cargo de la direcci\u00f3n de Desarrollo Urbano y Obra P\u00fablica, que dirige la ingeniera, Patricia Ram\u00edrez Silva.<\/p>\n\n\n\n<p>Durante la primera etapa de los trabajos, se le dar\u00e1 mantenimiento a la parte externa del monumento hist\u00f3rico, entre los que destacan: limpieza&nbsp; de muros, aplicaci\u00f3n integral de pintura especial, as\u00ed como trabajos de resane e impermeabilizaci\u00f3n.<\/p>\n\n\n\n<p>Patricia Ram\u00edrez Silva inform\u00f3 que, en esta primera etapa se aplicar\u00e1 una inversi\u00f3n de 142 mil pesos y, dijo que, la segunda etapa se realizar\u00e1 en el 2023, en la parte interna del inmueble, en donde se contempla el desazolve de bajantes pluviales, limpieza de la b\u00f3veda as\u00ed como de los muros interiores y pintura en detalles arquitect\u00f3nicos.<\/p>\n","protected":false},"excerpt":{"rendered":"<p>Alejandro \u00c1vila Medell\u00edn de Bravo, Ver.- La iglesia &#8220;San Miguel Arc\u00e1ngel&#8221; ubicada en la cabecera municipal de Medell\u00edn de Bravo, y que es la segunda m\u00e1s antigua en toda Latinoam\u00e9rica, finalmente ser\u00e1 rehabilitada, tras el visto bueno del Instituto Nacional de Antropolog\u00eda e Historia (INAH). Es de recordar que est\u00e1 iglesia fue construida en el [&hellip;]<\/p>\n","protected":false},"author":1,"featured_media":30121,"comment_status":"open","ping_status":"open","sticky":false,"template":"","format":"standard","meta":{"_jetpack_memberships_contains_paid_content":false,"footnotes":""},"categories":[2],"tags":[],"class_list":["post-30120","post","type-post","status-publish","format-standard","has-post-thumbnail","hentry","category-estado"],"jetpack_featured_media_url":"https:\/\/encuentroinformativo.com.mx\/wp-content\/uploads\/2022\/08\/1C4D83EE-54D0-4E5E-AB19-5F29CD00DE68.jpeg","jetpack_sharing_enabled":true,"jetpack_likes_enabled":true,"amp_enabled":true,"_links":{"self":[{"href":"https:\/\/encuentroinformativo.com.mx\/index.php?rest_route=\/wp\/v2\/posts\/30120","targetHints":{"allow":["GET"]}}],"collection":[{"href":"https:\/\/encuentroinformativo.com.mx\/index.php?rest_route=\/wp\/v2\/posts"}],"about":[{"href":"https:\/\/encuentroinformativo.com.mx\/index.php?rest_route=\/wp\/v2\/types\/post"}],"author":[{"embeddable":true,"href":"https:\/\/encuentroinformativo.com.mx\/index.php?rest_route=\/wp\/v2\/users\/1"}],"replies":[{"embeddable":true,"href":"https:\/\/encuentroinformativo.com.mx\/index.php?rest_route=%2Fwp%2Fv2%2Fcomments&post=30120"}],"version-history":[{"count":1,"href":"https:\/\/encuentroinformativo.com.mx\/index.php?rest_route=\/wp\/v2\/posts\/30120\/revisions"}],"predecessor-version":[{"id":30122,"href":"https:\/\/encuentroinformativo.com.mx\/index.php?rest_route=\/wp\/v2\/posts\/30120\/revisions\/30122"}],"wp:featuredmedia":[{"embeddable":true,"href":"https:\/\/encuentroinformativo.com.mx\/index.php?rest_route=\/wp\/v2\/media\/30121"}],"wp:attachment":[{"href":"https:\/\/encuentroinformativo.com.mx\/index.php?rest_route=%2Fwp%2Fv2%2Fmedia&parent=30120"}],"wp:term":[{"taxonomy":"category","embeddable":true,"href":"https:\/\/encuentroinformativo.com.mx\/index.php?rest_route=%2Fwp%2Fv2%2Fcategories&post=30120"},{"taxonomy":"post_tag","embeddable":true,"href":"https:\/\/encuentroinformativo.com.mx\/index.php?rest_route=%2Fwp%2Fv2%2Ftags&post=30120"}],"curies":[{"name":"wp","href":"https:\/\/api.w.org\/{rel}","templated":true}]}}