{"id":30123,"date":"2022-08-02T11:36:58","date_gmt":"2022-08-02T16:36:58","guid":{"rendered":"https:\/\/encuentroinformativo.com.mx\/?p=30123"},"modified":"2022-08-02T11:37:02","modified_gmt":"2022-08-02T16:37:02","slug":"embajadora-de-colombia-visitara-cordoba","status":"publish","type":"post","link":"https:\/\/encuentroinformativo.com.mx\/?p=30123","title":{"rendered":"Embajadora de Colombia visitar\u00e1 C\u00f3rdoba"},"content":{"rendered":"\n<p><strong>Alejandro \u00c1vila<\/strong><\/p>\n\n\n\n<p>Veracruz, Ver.- La Embajadora de Colombia en M\u00e9xico, \u00c1ngela Ospina de Nicholls, visitar\u00e1 el municipio de C\u00f3rdoba a finales del mes de agosto para estar presente en el Reborn Fest.<\/p>\n\n\n\n<p>Este evento qu\u00e9 pretende incrementar la afluencia tur\u00edstica durante las vacaciones de verano en el municipio de C\u00f3rdoba, iniciar\u00e1 con una muestra gastron\u00f3mica a partir del 25 de agosto, y culminar\u00e1 con eventos art\u00edsticos los d\u00edas 28 y 29 de agosto.<\/p>\n\n\n\n<p>&#8220;Hoy hablando del de C\u00f3rdoba, el alcalde tuvo a bien invitar a Colombia como pa\u00eds invitado (sic), y fue para m\u00ed un honor hacer este enlace con la Embajadora, qui\u00e9n asistir\u00e1 al festival, pero que adem\u00e1s traer\u00e1 cosas muy lindas al festival, c\u00f3mo es la gastronom\u00eda colombiana, arte y cultura, estamos tambi\u00e9n detallando todo lo que va a aportar la Embajada colombiana, que estar\u00e1 encantada de participar en este festival&#8221;, declar\u00f3 la diputada local Citlalli Medell\u00edn Careaga.<\/p>\n\n\n\n<p>El Reborn Fest se llevar\u00e1 a cabo con el apoyo de la Secretar\u00eda de Turismo de Veracruz, el Consejo Gastron\u00f3mico Veracruzano, el Grupo Innova Veracruz y el Ayuntamiento de C\u00f3rdoba, qui\u00e9nes se alistan para la celebraci\u00f3n de los 200 a\u00f1os de los &#8220;Tratados de C\u00f3rdoba&#8221;.<\/p>\n\n\n\n<p>Cabe mencionar que, la muestra gastron\u00f3mica se llevar\u00e1 a cabo en el gimnasio &#8220;El Mexicano&#8221;, mientras se los eventos art\u00edsticos tendr\u00e1n sede en el estadio &#8220;Beisborama&#8221;, lugar donde se presentar\u00e1n el d\u00eda s\u00e1bado 27 de agosto, Lupillo Rivera, Dharius y Tierra Sagrada, mientras que el domingo 28 de agosto, estar\u00e1n Kabah, Guerra de Chistes y Junior Klan.<\/p>\n","protected":false},"excerpt":{"rendered":"<p>Alejandro \u00c1vila Veracruz, Ver.- La Embajadora de Colombia en M\u00e9xico, \u00c1ngela Ospina de Nicholls, visitar\u00e1 el municipio de C\u00f3rdoba a finales del mes de agosto para estar presente en el Reborn Fest. Este evento qu\u00e9 pretende incrementar la afluencia tur\u00edstica durante las vacaciones de verano en el municipio de C\u00f3rdoba, iniciar\u00e1 con una muestra gastron\u00f3mica [&hellip;]<\/p>\n","protected":false},"author":1,"featured_media":30124,"comment_status":"open","ping_status":"open","sticky":false,"template":"","format":"standard","meta":{"_jetpack_memberships_contains_paid_content":false,"footnotes":""},"categories":[2],"tags":[],"class_list":["post-30123","post","type-post","status-publish","format-standard","has-post-thumbnail","hentry","category-estado"],"jetpack_featured_media_url":"https:\/\/encuentroinformativo.com.mx\/wp-content\/uploads\/2022\/08\/6B401C02-A12C-4E56-A4CD-F131CE53903F.jpeg","jetpack_sharing_enabled":true,"jetpack_likes_enabled":true,"amp_enabled":true,"_links":{"self":[{"href":"https:\/\/encuentroinformativo.com.mx\/index.php?rest_route=\/wp\/v2\/posts\/30123","targetHints":{"allow":["GET"]}}],"collection":[{"href":"https:\/\/encuentroinformativo.com.mx\/index.php?rest_route=\/wp\/v2\/posts"}],"about":[{"href":"https:\/\/encuentroinformativo.com.mx\/index.php?rest_route=\/wp\/v2\/types\/post"}],"author":[{"embeddable":true,"href":"https:\/\/encuentroinformativo.com.mx\/index.php?rest_route=\/wp\/v2\/users\/1"}],"replies":[{"embeddable":true,"href":"https:\/\/encuentroinformativo.com.mx\/index.php?rest_route=%2Fwp%2Fv2%2Fcomments&post=30123"}],"version-history":[{"count":1,"href":"https:\/\/encuentroinformativo.com.mx\/index.php?rest_route=\/wp\/v2\/posts\/30123\/revisions"}],"predecessor-version":[{"id":30125,"href":"https:\/\/encuentroinformativo.com.mx\/index.php?rest_route=\/wp\/v2\/posts\/30123\/revisions\/30125"}],"wp:featuredmedia":[{"embeddable":true,"href":"https:\/\/encuentroinformativo.com.mx\/index.php?rest_route=\/wp\/v2\/media\/30124"}],"wp:attachment":[{"href":"https:\/\/encuentroinformativo.com.mx\/index.php?rest_route=%2Fwp%2Fv2%2Fmedia&parent=30123"}],"wp:term":[{"taxonomy":"category","embeddable":true,"href":"https:\/\/encuentroinformativo.com.mx\/index.php?rest_route=%2Fwp%2Fv2%2Fcategories&post=30123"},{"taxonomy":"post_tag","embeddable":true,"href":"https:\/\/encuentroinformativo.com.mx\/index.php?rest_route=%2Fwp%2Fv2%2Ftags&post=30123"}],"curies":[{"name":"wp","href":"https:\/\/api.w.org\/{rel}","templated":true}]}}