{"id":30150,"date":"2022-08-02T15:05:41","date_gmt":"2022-08-02T20:05:41","guid":{"rendered":"https:\/\/encuentroinformativo.com.mx\/?p=30150"},"modified":"2022-08-02T15:05:44","modified_gmt":"2022-08-02T20:05:44","slug":"alcalde-jm-unanue-da-inicio-a-la-rehabilitacion-integral-de-la-unidad-deportiva-tlapamicytlan","status":"publish","type":"post","link":"https:\/\/encuentroinformativo.com.mx\/?p=30150","title":{"rendered":"Alcalde JM Un\u00e1nue da inicio a la rehabilitaci\u00f3n integral de la Unidad Deportiva Tlapamicytlan"},"content":{"rendered":"\n<p><strong>*<em>Rehabilitar Unidades Deportivas y Espacios P\u00fablicos, prioridad para la actual administraci\u00f3n municipal<\/em>.<\/strong><\/p>\n\n\n\n<p>Boca del R\u00edo, Ver.- Este martes, el Alcalde de Boca del R\u00edo, Juan Manuel Un\u00e1nue Abascal, puso en marcha la rehabilitaci\u00f3n de la Unidad Deportiva Tlapamicytlan, ubicada en la colonia Villa Rica.<\/p>\n\n\n\n<p>\u201cEstoy muy contento de ver a mis amigas y amigos de la Colonia Villa Rica, una de las colonias m\u00e1s activas en Boca del R\u00edo, donde sus habitantes podr\u00e1n disfrutar de nuestro Plan Anual de Obras P\u00fablicas, ya que este arranque es muestra del compromiso que tiene mi administraci\u00f3n con esta zona y sus familias\u201d, expres\u00f3.<\/p>\n\n\n\n<p>En dicho proyecto, se invertir\u00e1 m\u00e1s de un mill\u00f3n 240 mil pesos, pues una de las premisas de este Gobierno Municipal, es que las y los boque\u00f1os, sigan contando con espacios p\u00fablicos para el disfrute de peque\u00f1os y adultos, incentivando a la vez, una cultura del cuidado, de la salud f\u00edsica y mental; a partir del esparcimiento.<\/p>\n\n\n\n<p>\u201cCon esta obra se benefician de manera directa cerca de mil personas y resulta un gran impulso para quienes quieran venir a disfrutar de espacios dignos para practicar deportes, pasar tiempo de calidad con sus familias o pasear a sus mascotas\u201d, recalc\u00f3 el Presidente Municipal.<\/p>\n\n\n\n<p>Con recurso proveniente del Fondo de Aportaciones Para la Infraestructura Social Municipal y de las Demarcaciones Territoriales del Distrito Federal, se lograr\u00e1 la rehabilitaci\u00f3n de m\u00e1s de 5 mil metros cuadrados.<\/p>\n\n\n\n<p>\u201cEsta obra que arranca hoy, contempla la rehabilitaci\u00f3n de mil 319 metros cuadrados de pintura en muros y bardas, as\u00ed como trabajo de herrer\u00eda en 227 metros cuadrados de malla cicl\u00f3n, rehabilitaci\u00f3n en port\u00f3n de acceso y 50 metros cuadrados de mantenimiento de reja de acero en el \u00e1rea de alberca\u201d, detall\u00f3.<\/p>\n\n\n\n<p>Entre los trabajos que se realizaran se encuentra la recuperaci\u00f3n de las canchas, colocando 175 metros cuadrados de malla reforzada atrapabalones y la alberca tendr\u00e1 una rehabilitaci\u00f3n de 362 metros cuadrados de pintura acr\u00edlica para alberca, 26 metros lineales de gradas a base de concreto y se colocar\u00e1 1 bomba para el correcto funcionamiento de la misma.<\/p>\n\n\n\n<p>\u201cOtra noticia importante es que aquellas unidades deportivas que tengan alberca, volveremos a trav\u00e9s de la Direcci\u00f3n de Fomento Deportivo, con clases de nataci\u00f3n de manera gratuita, que gustaban mucho a las ni\u00f1as y a los ni\u00f1os, a las familias\u201d.<\/p>\n\n\n\n<p>Otro de los trabajos que se realizar\u00e1n en espacio p\u00fabico es que se construir\u00e1n 77 metros lineales de barda perimetral y se rehabilitar\u00e1 la pintura de la oficina, adem\u00e1s de dar mantenimiento de herrer\u00eda y colocaci\u00f3n de tres puertas de multypanel.<\/p>\n\n\n\n<p>Para finalizar, refrend\u00f3 su compromiso, enfatizando que, desde hace siete meses, \u201cestamos ech\u00e1ndole todas las ganas para que la ciudad se encuentre en perfectas condiciones\u201d.<\/p>\n","protected":false},"excerpt":{"rendered":"<p>*Rehabilitar Unidades Deportivas y Espacios P\u00fablicos, prioridad para la actual administraci\u00f3n municipal. Boca del R\u00edo, Ver.- Este martes, el Alcalde de Boca del R\u00edo, Juan Manuel Un\u00e1nue Abascal, puso en marcha la rehabilitaci\u00f3n de la Unidad Deportiva Tlapamicytlan, ubicada en la colonia Villa Rica. \u201cEstoy muy contento de ver a mis amigas y amigos de [&hellip;]<\/p>\n","protected":false},"author":1,"featured_media":30151,"comment_status":"open","ping_status":"open","sticky":false,"template":"","format":"standard","meta":{"_jetpack_memberships_contains_paid_content":false,"footnotes":""},"categories":[2],"tags":[],"class_list":["post-30150","post","type-post","status-publish","format-standard","has-post-thumbnail","hentry","category-estado"],"jetpack_featured_media_url":"https:\/\/encuentroinformativo.com.mx\/wp-content\/uploads\/2022\/08\/B2D877CC-8266-4040-ABA3-2506BA02F05B.jpeg","jetpack_sharing_enabled":true,"jetpack_likes_enabled":true,"amp_enabled":true,"_links":{"self":[{"href":"https:\/\/encuentroinformativo.com.mx\/index.php?rest_route=\/wp\/v2\/posts\/30150","targetHints":{"allow":["GET"]}}],"collection":[{"href":"https:\/\/encuentroinformativo.com.mx\/index.php?rest_route=\/wp\/v2\/posts"}],"about":[{"href":"https:\/\/encuentroinformativo.com.mx\/index.php?rest_route=\/wp\/v2\/types\/post"}],"author":[{"embeddable":true,"href":"https:\/\/encuentroinformativo.com.mx\/index.php?rest_route=\/wp\/v2\/users\/1"}],"replies":[{"embeddable":true,"href":"https:\/\/encuentroinformativo.com.mx\/index.php?rest_route=%2Fwp%2Fv2%2Fcomments&post=30150"}],"version-history":[{"count":1,"href":"https:\/\/encuentroinformativo.com.mx\/index.php?rest_route=\/wp\/v2\/posts\/30150\/revisions"}],"predecessor-version":[{"id":30152,"href":"https:\/\/encuentroinformativo.com.mx\/index.php?rest_route=\/wp\/v2\/posts\/30150\/revisions\/30152"}],"wp:featuredmedia":[{"embeddable":true,"href":"https:\/\/encuentroinformativo.com.mx\/index.php?rest_route=\/wp\/v2\/media\/30151"}],"wp:attachment":[{"href":"https:\/\/encuentroinformativo.com.mx\/index.php?rest_route=%2Fwp%2Fv2%2Fmedia&parent=30150"}],"wp:term":[{"taxonomy":"category","embeddable":true,"href":"https:\/\/encuentroinformativo.com.mx\/index.php?rest_route=%2Fwp%2Fv2%2Fcategories&post=30150"},{"taxonomy":"post_tag","embeddable":true,"href":"https:\/\/encuentroinformativo.com.mx\/index.php?rest_route=%2Fwp%2Fv2%2Ftags&post=30150"}],"curies":[{"name":"wp","href":"https:\/\/api.w.org\/{rel}","templated":true}]}}