{"id":30153,"date":"2022-08-02T17:06:41","date_gmt":"2022-08-02T22:06:41","guid":{"rendered":"https:\/\/encuentroinformativo.com.mx\/?p=30153"},"modified":"2022-08-02T17:06:44","modified_gmt":"2022-08-02T22:06:44","slug":"localizan-persona-sin-vida-en-callejon-del-diamante","status":"publish","type":"post","link":"https:\/\/encuentroinformativo.com.mx\/?p=30153","title":{"rendered":"Localizan persona sin vida en Callej\u00f3n del Diamante"},"content":{"rendered":"\n<p>Xalapa, Ver.- La tarde de este martes se report\u00f3 a una persona fallecida en el Callej\u00f3n del Diamante dentro del segundo piso de la vivienda marcada con el n\u00famero 11 en la habitaci\u00f3n 204, al lugar llegaron personal de Periciales ya que algunos de los comentarios entre quienes estaban en el lugar dec\u00edan que ya ten\u00eda varios d\u00edas de fallecimiento sin que hasta el momento se confirme est\u00e1 versi\u00f3n.<\/p>\n\n\n\n<figure class=\"wp-block-image size-large\"><img loading=\"lazy\" decoding=\"async\" width=\"1024\" height=\"769\" src=\"https:\/\/encuentroinformativo.com.mx\/wp-content\/uploads\/2022\/08\/447B882D-1FD9-40D6-BEC8-9B43E9F1782D-1024x769.jpeg\" alt=\"\" class=\"wp-image-30155\" srcset=\"https:\/\/encuentroinformativo.com.mx\/wp-content\/uploads\/2022\/08\/447B882D-1FD9-40D6-BEC8-9B43E9F1782D-1024x769.jpeg 1024w, https:\/\/encuentroinformativo.com.mx\/wp-content\/uploads\/2022\/08\/447B882D-1FD9-40D6-BEC8-9B43E9F1782D-300x225.jpeg 300w, https:\/\/encuentroinformativo.com.mx\/wp-content\/uploads\/2022\/08\/447B882D-1FD9-40D6-BEC8-9B43E9F1782D-768x577.jpeg 768w, https:\/\/encuentroinformativo.com.mx\/wp-content\/uploads\/2022\/08\/447B882D-1FD9-40D6-BEC8-9B43E9F1782D-1536x1154.jpeg 1536w, https:\/\/encuentroinformativo.com.mx\/wp-content\/uploads\/2022\/08\/447B882D-1FD9-40D6-BEC8-9B43E9F1782D.jpeg 1600w\" sizes=\"auto, (max-width: 1024px) 100vw, 1024px\" \/><\/figure>\n","protected":false},"excerpt":{"rendered":"<p>Xalapa, Ver.- La tarde de este martes se report\u00f3 a una persona fallecida en el Callej\u00f3n del Diamante dentro del segundo piso de la vivienda marcada con el n\u00famero 11 en la habitaci\u00f3n 204, al lugar llegaron personal de Periciales ya que algunos de los comentarios entre quienes estaban en el lugar dec\u00edan que ya [&hellip;]<\/p>\n","protected":false},"author":1,"featured_media":30154,"comment_status":"open","ping_status":"open","sticky":false,"template":"","format":"standard","meta":{"_jetpack_memberships_contains_paid_content":false,"footnotes":""},"categories":[14],"tags":[],"class_list":["post-30153","post","type-post","status-publish","format-standard","has-post-thumbnail","hentry","category-policiaca"],"jetpack_featured_media_url":"https:\/\/encuentroinformativo.com.mx\/wp-content\/uploads\/2022\/08\/F7A1C51B-EDBE-409C-9C92-2E9A40E5EB49.jpeg","jetpack_sharing_enabled":true,"jetpack_likes_enabled":true,"amp_enabled":true,"_links":{"self":[{"href":"https:\/\/encuentroinformativo.com.mx\/index.php?rest_route=\/wp\/v2\/posts\/30153","targetHints":{"allow":["GET"]}}],"collection":[{"href":"https:\/\/encuentroinformativo.com.mx\/index.php?rest_route=\/wp\/v2\/posts"}],"about":[{"href":"https:\/\/encuentroinformativo.com.mx\/index.php?rest_route=\/wp\/v2\/types\/post"}],"author":[{"embeddable":true,"href":"https:\/\/encuentroinformativo.com.mx\/index.php?rest_route=\/wp\/v2\/users\/1"}],"replies":[{"embeddable":true,"href":"https:\/\/encuentroinformativo.com.mx\/index.php?rest_route=%2Fwp%2Fv2%2Fcomments&post=30153"}],"version-history":[{"count":1,"href":"https:\/\/encuentroinformativo.com.mx\/index.php?rest_route=\/wp\/v2\/posts\/30153\/revisions"}],"predecessor-version":[{"id":30156,"href":"https:\/\/encuentroinformativo.com.mx\/index.php?rest_route=\/wp\/v2\/posts\/30153\/revisions\/30156"}],"wp:featuredmedia":[{"embeddable":true,"href":"https:\/\/encuentroinformativo.com.mx\/index.php?rest_route=\/wp\/v2\/media\/30154"}],"wp:attachment":[{"href":"https:\/\/encuentroinformativo.com.mx\/index.php?rest_route=%2Fwp%2Fv2%2Fmedia&parent=30153"}],"wp:term":[{"taxonomy":"category","embeddable":true,"href":"https:\/\/encuentroinformativo.com.mx\/index.php?rest_route=%2Fwp%2Fv2%2Fcategories&post=30153"},{"taxonomy":"post_tag","embeddable":true,"href":"https:\/\/encuentroinformativo.com.mx\/index.php?rest_route=%2Fwp%2Fv2%2Ftags&post=30153"}],"curies":[{"name":"wp","href":"https:\/\/api.w.org\/{rel}","templated":true}]}}