{"id":30171,"date":"2022-08-03T13:05:53","date_gmt":"2022-08-03T18:05:53","guid":{"rendered":"https:\/\/encuentroinformativo.com.mx\/?p=30171"},"modified":"2022-08-03T13:05:55","modified_gmt":"2022-08-03T18:05:55","slug":"confirma-gobernador-detencion-de-presunta-homicida-de-masacre-en-boca-del-rio","status":"publish","type":"post","link":"https:\/\/encuentroinformativo.com.mx\/?p=30171","title":{"rendered":"Confirma Gobernador detenci\u00f3n de presunta homicida de masacre en Boca del R\u00edo"},"content":{"rendered":"\n<p><strong>Dar\u00edo Pale <\/strong><\/p>\n\n\n\n<p>Xalapa, Ver.- Yessenia &#8220;N&#8221;, detenida este 2 de agosto en Ciudad Lerdo, Durango, presunta autora intelectual de multihomicidio en Boca del R\u00edo, as\u00ed lo se\u00f1al\u00f3 el gobernador Cuitl\u00e1huac Garc\u00eda Jim\u00e9nez.<\/p>\n\n\n\n<p>En conferencia de prensa se\u00f1al\u00f3 que, &#8220;es copart\u00edcipe, que presuntamente es la autor\u00eda intelectual, corresponde a la hija, entonces, ya no podr\u00eda ahondar m\u00e1s all\u00e1, mucho menos al nivel de especulaciones.<\/p>\n\n\n\n<p>Dijo que \u201ctengo que ser respetuoso del proceso de investigaci\u00f3n. De c\u00f3mo va a culminar no lo sabemos, pero este ya es un gran avance, que determina exactamente que sucedi\u00f3&#8221;.<\/p>\n\n\n\n<p>Indic\u00f3 que se sigue una sola l\u00ednea de investigaci\u00f3n en este caso que tiene que ver con el entorno familiar de las v\u00edctimas.<\/p>\n\n\n\n<p>Coment\u00f3 que adem\u00e1s de la detenci\u00f3n de Yessenia &#8220;N&#8221;, quien es hija del matrimonio que fue ultimado en su propia casa el pasado 4 de julio, la Fiscal\u00eda est\u00e1 detr\u00e1s de otros presuntos responsables.<\/p>\n\n\n\n<p>Coment\u00f3 que los detalles de los hechos forman parte de la carpeta de investigaci\u00f3n y la fiscal general, Ver\u00f3nica Hern\u00e1ndez Giad\u00e1ns, no los compartir\u00eda, mucho menos para darlos a conocer a los medios de comunicaci\u00f3n porque est\u00e1n buscando a otros responsables.<\/p>\n\n\n\n<p>Dijo que no pod\u00eda decir, incluso que no sab\u00eda m\u00e1s del caso porque gracias a la secrec\u00eda es como se logran resultados eficaces y que no haya impunidad.<\/p>\n\n\n\n<p>Ah\u00ed, el Ejecutivo de Veracruz compar\u00f3 las acciones que llevan a cabo en materia de justicia con las del bienio de Miguel \u00c1ngel Yunes Linares, quien junto con el exfiscal Jorge &#8220;N&#8221; mediatizaban los casos y al final no resolv\u00edan los casos.<\/p>\n\n\n\n<p>M\u00e1s a\u00fan, Garc\u00eda Jim\u00e9nez, dijo que la entrega de restos humanos de una persona a sus familiares, se hizo mal, se equivocaban, lo cual calific\u00f3 de grav\u00edsimo.<\/p>\n\n\n\n<p>Yessenia &#8220;N&#8221;, fue detenida por el presunto homicidio doloso calificado en agravio de su propia familia, integrada por tres mujeres y cuatro hombres, entre ellos un menor de edad.<\/p>\n\n\n\n<p>Finalmente hay que recordar que los hechos ocurrieron en la calle \u00darsulo Galv\u00e1n esquina Covarrubias de la colonia 1\u00ba de Mayo del municipio de Boca del R\u00edo, el pasado 4 de julio.<\/p>\n","protected":false},"excerpt":{"rendered":"<p>Dar\u00edo Pale Xalapa, Ver.- Yessenia &#8220;N&#8221;, detenida este 2 de agosto en Ciudad Lerdo, Durango, presunta autora intelectual de multihomicidio en Boca del R\u00edo, as\u00ed lo se\u00f1al\u00f3 el gobernador Cuitl\u00e1huac Garc\u00eda Jim\u00e9nez. En conferencia de prensa se\u00f1al\u00f3 que, &#8220;es copart\u00edcipe, que presuntamente es la autor\u00eda intelectual, corresponde a la hija, entonces, ya no podr\u00eda ahondar [&hellip;]<\/p>\n","protected":false},"author":1,"featured_media":30172,"comment_status":"open","ping_status":"open","sticky":false,"template":"","format":"standard","meta":{"_jetpack_memberships_contains_paid_content":false,"footnotes":""},"categories":[2],"tags":[],"class_list":["post-30171","post","type-post","status-publish","format-standard","has-post-thumbnail","hentry","category-estado"],"jetpack_featured_media_url":"https:\/\/encuentroinformativo.com.mx\/wp-content\/uploads\/2022\/08\/577B05F2-D073-469A-84D4-C9F4988C090E.jpeg","jetpack_sharing_enabled":true,"jetpack_likes_enabled":true,"amp_enabled":true,"_links":{"self":[{"href":"https:\/\/encuentroinformativo.com.mx\/index.php?rest_route=\/wp\/v2\/posts\/30171","targetHints":{"allow":["GET"]}}],"collection":[{"href":"https:\/\/encuentroinformativo.com.mx\/index.php?rest_route=\/wp\/v2\/posts"}],"about":[{"href":"https:\/\/encuentroinformativo.com.mx\/index.php?rest_route=\/wp\/v2\/types\/post"}],"author":[{"embeddable":true,"href":"https:\/\/encuentroinformativo.com.mx\/index.php?rest_route=\/wp\/v2\/users\/1"}],"replies":[{"embeddable":true,"href":"https:\/\/encuentroinformativo.com.mx\/index.php?rest_route=%2Fwp%2Fv2%2Fcomments&post=30171"}],"version-history":[{"count":1,"href":"https:\/\/encuentroinformativo.com.mx\/index.php?rest_route=\/wp\/v2\/posts\/30171\/revisions"}],"predecessor-version":[{"id":30173,"href":"https:\/\/encuentroinformativo.com.mx\/index.php?rest_route=\/wp\/v2\/posts\/30171\/revisions\/30173"}],"wp:featuredmedia":[{"embeddable":true,"href":"https:\/\/encuentroinformativo.com.mx\/index.php?rest_route=\/wp\/v2\/media\/30172"}],"wp:attachment":[{"href":"https:\/\/encuentroinformativo.com.mx\/index.php?rest_route=%2Fwp%2Fv2%2Fmedia&parent=30171"}],"wp:term":[{"taxonomy":"category","embeddable":true,"href":"https:\/\/encuentroinformativo.com.mx\/index.php?rest_route=%2Fwp%2Fv2%2Fcategories&post=30171"},{"taxonomy":"post_tag","embeddable":true,"href":"https:\/\/encuentroinformativo.com.mx\/index.php?rest_route=%2Fwp%2Fv2%2Ftags&post=30171"}],"curies":[{"name":"wp","href":"https:\/\/api.w.org\/{rel}","templated":true}]}}