{"id":30177,"date":"2022-08-03T13:11:19","date_gmt":"2022-08-03T18:11:19","guid":{"rendered":"https:\/\/encuentroinformativo.com.mx\/?p=30177"},"modified":"2022-08-03T13:11:22","modified_gmt":"2022-08-03T18:11:22","slug":"presentan-en-fge-de-veracruz-puerto-a-yesenia-n","status":"publish","type":"post","link":"https:\/\/encuentroinformativo.com.mx\/?p=30177","title":{"rendered":"Presentan en FGE de Veracruz Puerto a Yesenia &#8220;N&#8221;"},"content":{"rendered":"\n<p><strong>Alejandra \u00c1vila<\/strong><\/p>\n\n\n\n<p><strong>Foto: <\/strong>Sergio Aldazaba\/Cortes\u00eda<\/p>\n\n\n\n<p>Veracruz, Ver.- La ma\u00f1ana de este mi\u00e9rcoles fue presentada en la Fiscal\u00eda Regional de Veracruz Puerto ubicada en Las Bajadas, Yesenia Iv\u00f3n C.C. Qui\u00e9n es se\u00f1alada como presunta multihomicida de una familia en una colonia del municipio Boca del R\u00edo.<\/p>\n\n\n\n<p>La presunta homicida fue detenida la tarde de este martes en el estado de Durango, y trasladada por carretera hacia el municipio de Veracruz, d\u00f3nde tendr\u00e1 que responder ante un Juez por los se\u00f1alamientos que se le imputan.<\/p>\n\n\n\n<p>Yesenia &#8220;N&#8221; es acusada de, presuntamente haber asesinado a su familia en la colonia Primero de Mayo en el municipio de Boca del R\u00edo, el pasado 3 de julio.<\/p>\n\n\n\n<p>A pesar de que la acusada intento dar una declaraci\u00f3n a los medios de comunicaci\u00f3n, los agentes que la custodiaban lo evitaron, pues cabe mencionar que, tienen que dar fe del cumplimiento del mandamiento en su contra.<\/p>\n\n\n\n<p>Ser\u00e1 en el transcurso de las pr\u00f3ximas horas cuando se celebre su audiencia inicial para la legalizaci\u00f3n de su detenci\u00f3n dentro del proceso penal con n\u00famero 679\/2022 en las instalaciones del Centro Integral de Justicia en Vistamar.<\/p>\n\n\n\n<p>La detenida es acusada por presuntamente haber asesinado a su pap\u00e1, Jos\u00e9 Luis C. H. de 63 a\u00f1os mejor conocido como &#8220;El Peludo&#8221;, su mam\u00e1 Mar\u00eda Concepci\u00f3n C. B. de 61, su hijo Oscar C. C. de 43, su nieto \u00d3scar V. C. de 15, su otra hija Yuridia Edith C. C. de 45, Mar\u00eda de la Luz O. E. de 45 y su esposo Mario Alberto G. G. de 39 a\u00f1os de edad.<\/p>\n\n\n\n<p>Los relatos de aquella ocasi\u00f3n tras el asesinato, fueron de la misma Yesenia &#8220;N&#8221;, qui\u00e9n asegur\u00f3 haber sobrevivido al multihomicidio tras esconderse con su hijo y su sobrina en un rinc\u00f3n de la casa.<\/p>\n","protected":false},"excerpt":{"rendered":"<p>Alejandra \u00c1vila Foto: Sergio Aldazaba\/Cortes\u00eda Veracruz, Ver.- La ma\u00f1ana de este mi\u00e9rcoles fue presentada en la Fiscal\u00eda Regional de Veracruz Puerto ubicada en Las Bajadas, Yesenia Iv\u00f3n C.C. Qui\u00e9n es se\u00f1alada como presunta multihomicida de una familia en una colonia del municipio Boca del R\u00edo. La presunta homicida fue detenida la tarde de este martes [&hellip;]<\/p>\n","protected":false},"author":1,"featured_media":30176,"comment_status":"open","ping_status":"open","sticky":false,"template":"","format":"standard","meta":{"_jetpack_memberships_contains_paid_content":false,"footnotes":""},"categories":[2],"tags":[],"class_list":["post-30177","post","type-post","status-publish","format-standard","has-post-thumbnail","hentry","category-estado"],"jetpack_featured_media_url":"https:\/\/encuentroinformativo.com.mx\/wp-content\/uploads\/2022\/08\/19302052-9171-4ADE-A5C6-771D19C7C515.jpeg","jetpack_sharing_enabled":true,"jetpack_likes_enabled":true,"amp_enabled":true,"_links":{"self":[{"href":"https:\/\/encuentroinformativo.com.mx\/index.php?rest_route=\/wp\/v2\/posts\/30177","targetHints":{"allow":["GET"]}}],"collection":[{"href":"https:\/\/encuentroinformativo.com.mx\/index.php?rest_route=\/wp\/v2\/posts"}],"about":[{"href":"https:\/\/encuentroinformativo.com.mx\/index.php?rest_route=\/wp\/v2\/types\/post"}],"author":[{"embeddable":true,"href":"https:\/\/encuentroinformativo.com.mx\/index.php?rest_route=\/wp\/v2\/users\/1"}],"replies":[{"embeddable":true,"href":"https:\/\/encuentroinformativo.com.mx\/index.php?rest_route=%2Fwp%2Fv2%2Fcomments&post=30177"}],"version-history":[{"count":1,"href":"https:\/\/encuentroinformativo.com.mx\/index.php?rest_route=\/wp\/v2\/posts\/30177\/revisions"}],"predecessor-version":[{"id":30178,"href":"https:\/\/encuentroinformativo.com.mx\/index.php?rest_route=\/wp\/v2\/posts\/30177\/revisions\/30178"}],"wp:featuredmedia":[{"embeddable":true,"href":"https:\/\/encuentroinformativo.com.mx\/index.php?rest_route=\/wp\/v2\/media\/30176"}],"wp:attachment":[{"href":"https:\/\/encuentroinformativo.com.mx\/index.php?rest_route=%2Fwp%2Fv2%2Fmedia&parent=30177"}],"wp:term":[{"taxonomy":"category","embeddable":true,"href":"https:\/\/encuentroinformativo.com.mx\/index.php?rest_route=%2Fwp%2Fv2%2Fcategories&post=30177"},{"taxonomy":"post_tag","embeddable":true,"href":"https:\/\/encuentroinformativo.com.mx\/index.php?rest_route=%2Fwp%2Fv2%2Ftags&post=30177"}],"curies":[{"name":"wp","href":"https:\/\/api.w.org\/{rel}","templated":true}]}}