{"id":30179,"date":"2022-08-03T09:11:39","date_gmt":"2022-08-03T14:11:39","guid":{"rendered":"https:\/\/encuentroinformativo.com.mx\/?p=30179"},"modified":"2022-08-03T13:14:58","modified_gmt":"2022-08-03T18:14:58","slug":"ley-nahle-debio-irse-al-analisis-anilu-ingram","status":"publish","type":"post","link":"https:\/\/encuentroinformativo.com.mx\/?p=30179","title":{"rendered":"Ley Nahle debi\u00f3 irse al an\u00e1lisis: Anil\u00fa Ingram"},"content":{"rendered":"\n<p><strong>Alejandro \u00c1vila<\/strong><\/p>\n\n\n\n<p>Veracruz, Ver.- La priista, Anil\u00fa Ingram Vallines, acus\u00f3 a los diputados locales de Morena, por apresurar la votaci\u00f3n de la reci\u00e9n aprobada Ley Nahle, sin antes llevarla al an\u00e1lisis o al debate.<\/p>\n\n\n\n<p>&#8220;\u00bfPorque decidieron hacerlo ahora?, \u00bfporque sacarla con prisa?, no abrir el debate y al an\u00e1lisis, porque no hacer la armonizaci\u00f3n de otros temas qu\u00e9 tiene mucho tiempo esperando. Nosotros los priistas no somos sastres, que hacemos reformas legislativas como trajes ala medida, legislados por y para Veracruz&#8221;, asest\u00f3.<\/p>\n\n\n\n<p>La coordinadora de la bancada priista resalt\u00f3 que, el voto de sus hom\u00f3logos de partido fue en contra, pues reconocieron qu\u00e9 el \u00fanico fin de la reforma a la ley, era favorecer a una militante del partido en el poder, para que se la pr\u00f3xima candidata a la gubernatura de Veracruz.<\/p>\n\n\n\n<p>&#8220;Lo que sucedi\u00f3 este martes en el Congreso, es una muestra m\u00e1s de que Morena no tiene respeto por las leyes y las instituciones&#8221;, apunt\u00f3.<\/p>\n\n\n\n<p>De esta manera, dijo, se abren las puertas en la Constituci\u00f3n de Veracruz, para que una for\u00e1nea pueda contender por la gubernatura de Veracruz en el 2024.<\/p>\n","protected":false},"excerpt":{"rendered":"<p>Alejandro \u00c1vila Veracruz, Ver.- La priista, Anil\u00fa Ingram Vallines, acus\u00f3 a los diputados locales de Morena, por apresurar la votaci\u00f3n de la reci\u00e9n aprobada Ley Nahle, sin antes llevarla al an\u00e1lisis o al debate. &#8220;\u00bfPorque decidieron hacerlo ahora?, \u00bfporque sacarla con prisa?, no abrir el debate y al an\u00e1lisis, porque no hacer la armonizaci\u00f3n de [&hellip;]<\/p>\n","protected":false},"author":1,"featured_media":30180,"comment_status":"open","ping_status":"open","sticky":false,"template":"","format":"standard","meta":{"_jetpack_memberships_contains_paid_content":false,"footnotes":""},"categories":[2],"tags":[],"class_list":["post-30179","post","type-post","status-publish","format-standard","has-post-thumbnail","hentry","category-estado"],"jetpack_featured_media_url":"https:\/\/encuentroinformativo.com.mx\/wp-content\/uploads\/2022\/08\/0419B4F5-6D9B-40A4-B478-1CDE946D8F0D.jpeg","jetpack_sharing_enabled":true,"jetpack_likes_enabled":true,"amp_enabled":true,"_links":{"self":[{"href":"https:\/\/encuentroinformativo.com.mx\/index.php?rest_route=\/wp\/v2\/posts\/30179","targetHints":{"allow":["GET"]}}],"collection":[{"href":"https:\/\/encuentroinformativo.com.mx\/index.php?rest_route=\/wp\/v2\/posts"}],"about":[{"href":"https:\/\/encuentroinformativo.com.mx\/index.php?rest_route=\/wp\/v2\/types\/post"}],"author":[{"embeddable":true,"href":"https:\/\/encuentroinformativo.com.mx\/index.php?rest_route=\/wp\/v2\/users\/1"}],"replies":[{"embeddable":true,"href":"https:\/\/encuentroinformativo.com.mx\/index.php?rest_route=%2Fwp%2Fv2%2Fcomments&post=30179"}],"version-history":[{"count":1,"href":"https:\/\/encuentroinformativo.com.mx\/index.php?rest_route=\/wp\/v2\/posts\/30179\/revisions"}],"predecessor-version":[{"id":30181,"href":"https:\/\/encuentroinformativo.com.mx\/index.php?rest_route=\/wp\/v2\/posts\/30179\/revisions\/30181"}],"wp:featuredmedia":[{"embeddable":true,"href":"https:\/\/encuentroinformativo.com.mx\/index.php?rest_route=\/wp\/v2\/media\/30180"}],"wp:attachment":[{"href":"https:\/\/encuentroinformativo.com.mx\/index.php?rest_route=%2Fwp%2Fv2%2Fmedia&parent=30179"}],"wp:term":[{"taxonomy":"category","embeddable":true,"href":"https:\/\/encuentroinformativo.com.mx\/index.php?rest_route=%2Fwp%2Fv2%2Fcategories&post=30179"},{"taxonomy":"post_tag","embeddable":true,"href":"https:\/\/encuentroinformativo.com.mx\/index.php?rest_route=%2Fwp%2Fv2%2Ftags&post=30179"}],"curies":[{"name":"wp","href":"https:\/\/api.w.org\/{rel}","templated":true}]}}