{"id":3018,"date":"2020-06-02T14:55:30","date_gmt":"2020-06-02T19:55:30","guid":{"rendered":"https:\/\/encuentroinformativo.com\/?p=3018"},"modified":"2020-06-02T14:56:54","modified_gmt":"2020-06-02T19:56:54","slug":"amagan-pequenos-empresarios-con-reabrir-negocios-estamos-en-crisis-senalan","status":"publish","type":"post","link":"https:\/\/encuentroinformativo.com.mx\/?p=3018","title":{"rendered":"Amagan peque\u00f1os empresarios con reabrir negocios; estamos en crisis, se\u00f1alan"},"content":{"rendered":"\n<p><strong>Juan Arcos\/Dar\u00edo Pale<\/strong><\/p>\n\n\n\n<p>Xalapa, Ver.- Microempresarios del centro y otros puntos de la ciudad marcharon y bloquearon la calle Juan de la Luz Enr\u00edquez, para exigir que se permita la apertura de sus negocios.<\/p>\n\n\n\n<p>Denunciaron que \u201cvarios\u201d negocios han sido clausurados por abrir sus puertas durante la contingencia sanitaria y ser considerados \u201cno esenciales\u201d.<\/p>\n\n\n\n<p>De acuerdo con Silvia Mart\u00ednez, una de los afectados, el ayuntamiento de Xalapa ha mandado a cerrar los micro, peque\u00f1os y medianos negocios, y permitido la operaci\u00f3n de grandes cadenas comerciales como Chedraui, Walmart, Costco y Sam\u2019s Club.<\/p>\n\n\n\n<p>\u201cNo es posible que esas empresas trabajen libremente y los dem\u00e1s c\u00f3mo le vamos a hacer, necesitamos que haya igualdad\u201d.<\/p>\n\n\n\n<p>Sus negocios han permanecido cerrados desde hace mes y medio, por ello han registrado p\u00e9rdidas econ\u00f3micas considerables.<\/p>\n\n\n\n<p>Los quejosos pidieron al presidente municipal Hip\u00f3lito Rodr\u00edguez Herrero y al gobernador Cuitl\u00e1huac Garc\u00eda Jim\u00e9nez que les permitan trabajar.<\/p>\n\n\n\n<p>Amagaron con abrir sus negocios por la necesidad de reactivar su fuente de empleo, al carecer de un salario quincenal o mensual.<\/p>\n\n\n\n<p>\u201cEs la \u00fanica forma que tenemos de llevar comida a nuestras familias, nada m\u00e1s dicen qu\u00e9date en casa, pero no tenemos ning\u00fan ingreso\u201d, expresaron.<\/p>\n\n\n\n<p>Los comerciantes advirtieron que se han unido para abrir a\u00fan sin el permiso de las autoridades municipales, sus diferentes negocios.<\/p>\n\n\n\n<p>&#8220;Todos los que estamos aqu\u00ed nos unimos justamente para abrir negocios porque hay grandes empresas que est\u00e1n abriendo&#8221;, comentaron.<\/p>\n\n\n\n<p>Finalmente dieron a conocer que entregar\u00edan un documento por escrito al gobernador del estado ya que &#8220;Es la \u00fanica forma de llevar comida a nuestras familias&#8221;.<\/p>\n\n\n\n<figure class=\"wp-block-image size-large\"><img loading=\"lazy\" decoding=\"async\" width=\"1024\" height=\"588\" src=\"https:\/\/encuentroinformativo.com.mx\/wp-content\/uploads\/2020\/06\/E3F04954-79BB-4069-B89F-C94B5B595877-1024x588.jpeg\" alt=\"\" class=\"wp-image-3010\" srcset=\"https:\/\/encuentroinformativo.com.mx\/wp-content\/uploads\/2020\/06\/E3F04954-79BB-4069-B89F-C94B5B595877-1024x588.jpeg 1024w, https:\/\/encuentroinformativo.com.mx\/wp-content\/uploads\/2020\/06\/E3F04954-79BB-4069-B89F-C94B5B595877-300x172.jpeg 300w, https:\/\/encuentroinformativo.com.mx\/wp-content\/uploads\/2020\/06\/E3F04954-79BB-4069-B89F-C94B5B595877-768x441.jpeg 768w, https:\/\/encuentroinformativo.com.mx\/wp-content\/uploads\/2020\/06\/E3F04954-79BB-4069-B89F-C94B5B595877-1536x882.jpeg 1536w, https:\/\/encuentroinformativo.com.mx\/wp-content\/uploads\/2020\/06\/E3F04954-79BB-4069-B89F-C94B5B595877.jpeg 1600w\" sizes=\"auto, (max-width: 1024px) 100vw, 1024px\" \/><\/figure>\n","protected":false},"excerpt":{"rendered":"<p>Juan Arcos\/Dar\u00edo Pale Xalapa, Ver.- Microempresarios del centro y otros puntos de la ciudad marcharon y bloquearon la calle Juan de la Luz Enr\u00edquez, para exigir que se permita la apertura de sus negocios. Denunciaron que \u201cvarios\u201d negocios han sido clausurados por abrir sus puertas durante la contingencia sanitaria y ser considerados \u201cno esenciales\u201d. De [&hellip;]<\/p>\n","protected":false},"author":1,"featured_media":3015,"comment_status":"open","ping_status":"open","sticky":false,"template":"","format":"standard","meta":{"_jetpack_memberships_contains_paid_content":false,"footnotes":""},"categories":[3],"tags":[],"class_list":["post-3018","post","type-post","status-publish","format-standard","has-post-thumbnail","hentry","category-xalapa"],"jetpack_featured_media_url":"https:\/\/encuentroinformativo.com.mx\/wp-content\/uploads\/2020\/06\/B6C4DC3D-7540-4D7B-90E9-BA27F6C15078.jpeg","jetpack_sharing_enabled":true,"jetpack_likes_enabled":true,"amp_enabled":true,"_links":{"self":[{"href":"https:\/\/encuentroinformativo.com.mx\/index.php?rest_route=\/wp\/v2\/posts\/3018","targetHints":{"allow":["GET"]}}],"collection":[{"href":"https:\/\/encuentroinformativo.com.mx\/index.php?rest_route=\/wp\/v2\/posts"}],"about":[{"href":"https:\/\/encuentroinformativo.com.mx\/index.php?rest_route=\/wp\/v2\/types\/post"}],"author":[{"embeddable":true,"href":"https:\/\/encuentroinformativo.com.mx\/index.php?rest_route=\/wp\/v2\/users\/1"}],"replies":[{"embeddable":true,"href":"https:\/\/encuentroinformativo.com.mx\/index.php?rest_route=%2Fwp%2Fv2%2Fcomments&post=3018"}],"version-history":[{"count":2,"href":"https:\/\/encuentroinformativo.com.mx\/index.php?rest_route=\/wp\/v2\/posts\/3018\/revisions"}],"predecessor-version":[{"id":3020,"href":"https:\/\/encuentroinformativo.com.mx\/index.php?rest_route=\/wp\/v2\/posts\/3018\/revisions\/3020"}],"wp:featuredmedia":[{"embeddable":true,"href":"https:\/\/encuentroinformativo.com.mx\/index.php?rest_route=\/wp\/v2\/media\/3015"}],"wp:attachment":[{"href":"https:\/\/encuentroinformativo.com.mx\/index.php?rest_route=%2Fwp%2Fv2%2Fmedia&parent=3018"}],"wp:term":[{"taxonomy":"category","embeddable":true,"href":"https:\/\/encuentroinformativo.com.mx\/index.php?rest_route=%2Fwp%2Fv2%2Fcategories&post=3018"},{"taxonomy":"post_tag","embeddable":true,"href":"https:\/\/encuentroinformativo.com.mx\/index.php?rest_route=%2Fwp%2Fv2%2Ftags&post=3018"}],"curies":[{"name":"wp","href":"https:\/\/api.w.org\/{rel}","templated":true}]}}