{"id":30188,"date":"2022-08-03T13:23:45","date_gmt":"2022-08-03T18:23:45","guid":{"rendered":"https:\/\/encuentroinformativo.com.mx\/?p=30188"},"modified":"2022-08-03T13:23:48","modified_gmt":"2022-08-03T18:23:48","slug":"presentan-en-poza-rica-eco-maraton-internacional-tajin-2022","status":"publish","type":"post","link":"https:\/\/encuentroinformativo.com.mx\/?p=30188","title":{"rendered":"Presentan en Poza Rica &#8220;Eco Marat\u00f3n Internacional Taj\u00edn 2022&#8221;"},"content":{"rendered":"\n<p><strong>Alejandro \u00c1vila<\/strong><\/p>\n\n\n\n<p>Poza Rica, Ver.- Fue presentado en Poza Rica, la quinta edici\u00f3n del &#8220;Eco Marat\u00f3n Internacional Taj\u00edn 2022&#8221;, mismo que se llevar\u00e1 a cabo el pr\u00f3ximo 20 de noviembre.<\/p>\n\n\n\n<p>La ruta dar\u00e1 inici\u00f3 en el Palacio Municipal de Poza Rica y recorrer\u00e1 diversos puntos de la ciudad, as\u00ed como de los municipios de Coatzintla y Papantla.<\/p>\n\n\n\n<p>Elemento es auspiciado por la organizaci\u00f3n Deporte Ambiente y Sociedad (DAS), adem\u00e1s del Ayuntamiento de Poza Rica, y se inform\u00f3 que los premios ser\u00e1n desde los 500 hasta los 10 mil pesos.<\/p>\n\n\n\n<p>Se espera que para este evento haya una gran afluencia tur\u00edstica, y se genere una gran derrama econ\u00f3mica en Poza Rica.<\/p>\n\n\n\n<p>Las categor\u00edas ser\u00e1n de 5, 10, 21 y 42 kil\u00f3metros, en ramas varonil y femenil, y se tendr\u00e1 una preventa para la inscripci\u00f3n hasta el d\u00eda 30 de septiembre&nbsp; posterior a esa fecha, el costo aumentar\u00e1.<\/p>\n\n\n\n<p>Cada competidor deber\u00e1 presentarse el 19 de noviembre en la p\u00e9rgola del parque Ju\u00e1rez para recibir un paquete del evento, el cual es obligatorio para su participaci\u00f3n.<\/p>\n\n\n\n<p>La presentaci\u00f3n del evento deportivo estuvo a cargo del presidente municipal, Fernando Remes Garza; Jos\u00e9 Antonio Caba\u00f1as, director de DAS; Lesli Vanneza Ortiz Huerta, regidora con la comisi\u00f3n de Turismo.<\/p>\n","protected":false},"excerpt":{"rendered":"<p>Alejandro \u00c1vila Poza Rica, Ver.- Fue presentado en Poza Rica, la quinta edici\u00f3n del &#8220;Eco Marat\u00f3n Internacional Taj\u00edn 2022&#8221;, mismo que se llevar\u00e1 a cabo el pr\u00f3ximo 20 de noviembre. La ruta dar\u00e1 inici\u00f3 en el Palacio Municipal de Poza Rica y recorrer\u00e1 diversos puntos de la ciudad, as\u00ed como de los municipios de Coatzintla [&hellip;]<\/p>\n","protected":false},"author":1,"featured_media":30189,"comment_status":"open","ping_status":"open","sticky":false,"template":"","format":"standard","meta":{"_jetpack_memberships_contains_paid_content":false,"footnotes":""},"categories":[2],"tags":[],"class_list":["post-30188","post","type-post","status-publish","format-standard","has-post-thumbnail","hentry","category-estado"],"jetpack_featured_media_url":"https:\/\/encuentroinformativo.com.mx\/wp-content\/uploads\/2022\/08\/102DD90B-EB19-41D6-8BBA-EF694E905A9A.jpeg","jetpack_sharing_enabled":true,"jetpack_likes_enabled":true,"amp_enabled":true,"_links":{"self":[{"href":"https:\/\/encuentroinformativo.com.mx\/index.php?rest_route=\/wp\/v2\/posts\/30188","targetHints":{"allow":["GET"]}}],"collection":[{"href":"https:\/\/encuentroinformativo.com.mx\/index.php?rest_route=\/wp\/v2\/posts"}],"about":[{"href":"https:\/\/encuentroinformativo.com.mx\/index.php?rest_route=\/wp\/v2\/types\/post"}],"author":[{"embeddable":true,"href":"https:\/\/encuentroinformativo.com.mx\/index.php?rest_route=\/wp\/v2\/users\/1"}],"replies":[{"embeddable":true,"href":"https:\/\/encuentroinformativo.com.mx\/index.php?rest_route=%2Fwp%2Fv2%2Fcomments&post=30188"}],"version-history":[{"count":1,"href":"https:\/\/encuentroinformativo.com.mx\/index.php?rest_route=\/wp\/v2\/posts\/30188\/revisions"}],"predecessor-version":[{"id":30190,"href":"https:\/\/encuentroinformativo.com.mx\/index.php?rest_route=\/wp\/v2\/posts\/30188\/revisions\/30190"}],"wp:featuredmedia":[{"embeddable":true,"href":"https:\/\/encuentroinformativo.com.mx\/index.php?rest_route=\/wp\/v2\/media\/30189"}],"wp:attachment":[{"href":"https:\/\/encuentroinformativo.com.mx\/index.php?rest_route=%2Fwp%2Fv2%2Fmedia&parent=30188"}],"wp:term":[{"taxonomy":"category","embeddable":true,"href":"https:\/\/encuentroinformativo.com.mx\/index.php?rest_route=%2Fwp%2Fv2%2Fcategories&post=30188"},{"taxonomy":"post_tag","embeddable":true,"href":"https:\/\/encuentroinformativo.com.mx\/index.php?rest_route=%2Fwp%2Fv2%2Ftags&post=30188"}],"curies":[{"name":"wp","href":"https:\/\/api.w.org\/{rel}","templated":true}]}}