{"id":30192,"date":"2022-08-03T13:33:24","date_gmt":"2022-08-03T18:33:24","guid":{"rendered":"https:\/\/encuentroinformativo.com.mx\/?p=30192"},"modified":"2022-08-03T13:33:27","modified_gmt":"2022-08-03T18:33:27","slug":"cmas-tendra-encargada-de-despacho-alcalde","status":"publish","type":"post","link":"https:\/\/encuentroinformativo.com.mx\/?p=30192","title":{"rendered":"CMAS tendr\u00e1 encargada de despacho: Alcalde"},"content":{"rendered":"\n<p><strong>Juan Arcos <\/strong><\/p>\n\n\n\n<p>Xalapa, Ver.- En una reuni\u00f3n con vecinos de la unidad habitacional Fovissste que hab\u00edan protestado por la falta de agua durante el martes 2 de agosto, el alcalde de Xalapa, Ricardo Ahued Bardahuil, inform\u00f3 que renunci\u00f3 por cuestiones personales el director de la Comisi\u00f3n Municipal de Agua y Saneamiento (CMAS), Alejandro Maupome Ria\u00f1o.<\/p>\n\n\n\n<p>En entrevista realizada este mi\u00e9rcoles en Palacio Municipal, el edil tambi\u00e9n dio a conocer que este d\u00eda ser\u00eda nombrada la persona que estar\u00e1 como encargada de despacho de CMAS.<\/p>\n\n\n\n<p>En ese sentido, adelant\u00f3 que ser\u00eda una mujer ingeniera quien quedar\u00eda al frente de este organismo de manera temporal, mientras se presentan ternas y se designa la persona con el mejor perfil por parte del Cabildo.<\/p>\n\n\n\n<p>\u201c\u00c9l est\u00e1 en su derecho (Maupome), provisionalmente tendremos a una ingeniera que quedar\u00e1 como encargada\u201d, insisti\u00f3 el funcionario municipal.<\/p>\n\n\n\n<p>Los vecinos de la zona mencionaba protestaban y bloqueaban el bulevar Diamante, debido a que por varios meses ha sido constante la falta de agua en sus hogares.<\/p>\n\n\n\n<p>Sin embargo, el Alcalde indic\u00f3 que no funcionaban dos tanques por la ruptura de tuber\u00edas y que se llevar\u00edan a cabo acciones de manera inmediata para resolver la problem\u00e1tica.<\/p>\n\n\n\n<p>Ahued Bardahuil asegur\u00f3 que no se frenar\u00e1 la operaci\u00f3n en CMAS por dichos cambios administrativos y asegur\u00f3 que la tarde de este mi\u00e9rcoles ser\u00eda nombrada a la encargada de despacho.<\/p>\n\n\n\n<p>\u201cLos trabajos no pueden parar, seguimos adelante. Hoy tenemos para la Ciudad de Xalapa una nota que tenemos que destacar, vamos a cerrar este a\u00f1o con 50 mil metros lineales de reparaci\u00f3n de red hidr\u00e1ulica, sanitaria y pluvial, es hist\u00f3rico\u201d, a\u00f1adi\u00f3.<\/p>\n\n\n\n<p>Anunci\u00f3 que en pr\u00f3ximos d\u00edas se iniciar\u00edan los trabajos para construir el colector Monte Everest que comprende 1.5 kil\u00f3metros con una inversi\u00f3n de 50 millones de pesos.<\/p>\n\n\n\n<p>\u201cEstamos terminando, ya en un proceso muy avanzado el colector de la colonia 21 de Marzo, es una inversi\u00f3n de 22 millones de pesos entre CMAS y el ayuntamiento, va bien, lo vamos a apresurar\u201d, enfatiz\u00f3 Ahued.<\/p>\n","protected":false},"excerpt":{"rendered":"<p>Juan Arcos Xalapa, Ver.- En una reuni\u00f3n con vecinos de la unidad habitacional Fovissste que hab\u00edan protestado por la falta de agua durante el martes 2 de agosto, el alcalde de Xalapa, Ricardo Ahued Bardahuil, inform\u00f3 que renunci\u00f3 por cuestiones personales el director de la Comisi\u00f3n Municipal de Agua y Saneamiento (CMAS), Alejandro Maupome Ria\u00f1o. [&hellip;]<\/p>\n","protected":false},"author":1,"featured_media":30193,"comment_status":"open","ping_status":"open","sticky":false,"template":"","format":"standard","meta":{"_jetpack_memberships_contains_paid_content":false,"footnotes":""},"categories":[3],"tags":[],"class_list":["post-30192","post","type-post","status-publish","format-standard","has-post-thumbnail","hentry","category-xalapa"],"jetpack_featured_media_url":"https:\/\/encuentroinformativo.com.mx\/wp-content\/uploads\/2022\/08\/04E61D86-A90E-44E8-BE92-947E19260481.jpeg","jetpack_sharing_enabled":true,"jetpack_likes_enabled":true,"amp_enabled":true,"_links":{"self":[{"href":"https:\/\/encuentroinformativo.com.mx\/index.php?rest_route=\/wp\/v2\/posts\/30192","targetHints":{"allow":["GET"]}}],"collection":[{"href":"https:\/\/encuentroinformativo.com.mx\/index.php?rest_route=\/wp\/v2\/posts"}],"about":[{"href":"https:\/\/encuentroinformativo.com.mx\/index.php?rest_route=\/wp\/v2\/types\/post"}],"author":[{"embeddable":true,"href":"https:\/\/encuentroinformativo.com.mx\/index.php?rest_route=\/wp\/v2\/users\/1"}],"replies":[{"embeddable":true,"href":"https:\/\/encuentroinformativo.com.mx\/index.php?rest_route=%2Fwp%2Fv2%2Fcomments&post=30192"}],"version-history":[{"count":1,"href":"https:\/\/encuentroinformativo.com.mx\/index.php?rest_route=\/wp\/v2\/posts\/30192\/revisions"}],"predecessor-version":[{"id":30194,"href":"https:\/\/encuentroinformativo.com.mx\/index.php?rest_route=\/wp\/v2\/posts\/30192\/revisions\/30194"}],"wp:featuredmedia":[{"embeddable":true,"href":"https:\/\/encuentroinformativo.com.mx\/index.php?rest_route=\/wp\/v2\/media\/30193"}],"wp:attachment":[{"href":"https:\/\/encuentroinformativo.com.mx\/index.php?rest_route=%2Fwp%2Fv2%2Fmedia&parent=30192"}],"wp:term":[{"taxonomy":"category","embeddable":true,"href":"https:\/\/encuentroinformativo.com.mx\/index.php?rest_route=%2Fwp%2Fv2%2Fcategories&post=30192"},{"taxonomy":"post_tag","embeddable":true,"href":"https:\/\/encuentroinformativo.com.mx\/index.php?rest_route=%2Fwp%2Fv2%2Ftags&post=30192"}],"curies":[{"name":"wp","href":"https:\/\/api.w.org\/{rel}","templated":true}]}}