{"id":30201,"date":"2022-08-03T15:56:54","date_gmt":"2022-08-03T20:56:54","guid":{"rendered":"https:\/\/encuentroinformativo.com.mx\/?p=30201"},"modified":"2022-08-03T15:56:57","modified_gmt":"2022-08-03T20:56:57","slug":"reconoce-ivea-avance-modesto-en-alfabetizacion","status":"publish","type":"post","link":"https:\/\/encuentroinformativo.com.mx\/?p=30201","title":{"rendered":"Reconoce IVEA avance \u201cmodesto\u201d en alfabetizaci\u00f3n"},"content":{"rendered":"\n<p><strong>Dar\u00edo Pale <\/strong><\/p>\n\n\n\n<p>Xalapa, Ver.- El director general del Instituto Veracruzano de Educaci\u00f3n para los Adultos (IVEA), H\u00e9ctor Amezcua Cardiel, dio a conocer que en la entidad hay 517 mil personas sin saber escribir y leer.<\/p>\n\n\n\n<p>En entrevista se\u00f1al\u00f3 que el Instituto de Educaci\u00f3n para los Adultos reporta un avance &#8220;modesto&#8221;, en los \u00faltimos a\u00f1os se logr\u00f3 alfabetizar a 50 mil personas en la entidad veracruzana, pero todav\u00eda 517 mil contin\u00faan en el analfabetismo, mientras que en Xalapa hay\u00a0 10 mil 591.<\/p>\n\n\n\n<p>&#8220;Cuando yo entr\u00e9 eran 567 mil personas hace tres a\u00f1os, hemos avanzado cerca de 50 mil, pero vean la cantidad todav\u00eda (sin alfabetizar), 50 mil no dice nada;\u00a0 el caso de primaria y secundaria (no terminada) tenemos todav\u00eda un mill\u00f3n 200 mil personas&#8221;, coment\u00f3.<\/p>\n\n\n\n<p>El funcionario detall\u00f3 con respecto a los xalape\u00f1os sin primaria terminada, la cifra se ubica en 26 mil 140 y sin secundaria, 48 mil 300.<\/p>\n\n\n\n<p>Cabe mencionar que el a\u00f1o pasado, Xalapa ocupaba el segundo lugar en analfabetismo, despu\u00e9s de San Andr\u00e9s Tuxtla, con 12 mil 245 personas, de manera que el progreso en la ense\u00f1anza de la lectura y escritura benefici\u00f3 en los \u00faltimos meses a m\u00e1s de mil 650 personas.<\/p>\n\n\n\n<p>Dio a conocer que el avance es modesto ya que la alfabetizaci\u00f3n es un proceso que lleva entre 6 y 8 meses aproximadamente.<\/p>\n\n\n\n<p>&#8220;S\u00ed vamos avanzando, pero si no hubi\u00e9semos tenido pandemia, podr\u00eda presumir otros n\u00fameros&#8221;.<\/p>\n\n\n\n<p>Previo a la firma del convenio entre el IVEA\u00a0 y el Ayuntamiento de Xalapa, acot\u00f3 que se est\u00e1n atendiendo a unos 7 mil xalape\u00f1os con rezago educativo.<\/p>\n\n\n\n<p>Finalmente se\u00f1al\u00f3 que, &#8220;avanzamos (en la alfabetizaci\u00f3n), pero el avance ha sido modesto. En el caso de Xalapa avanzamos con 7 mil personas en total en el rezago educativo, suena bien, pero es muy modesto todav\u00eda&#8221;.<\/p>\n","protected":false},"excerpt":{"rendered":"<p>Dar\u00edo Pale Xalapa, Ver.- El director general del Instituto Veracruzano de Educaci\u00f3n para los Adultos (IVEA), H\u00e9ctor Amezcua Cardiel, dio a conocer que en la entidad hay 517 mil personas sin saber escribir y leer. En entrevista se\u00f1al\u00f3 que el Instituto de Educaci\u00f3n para los Adultos reporta un avance &#8220;modesto&#8221;, en los \u00faltimos a\u00f1os se [&hellip;]<\/p>\n","protected":false},"author":1,"featured_media":30202,"comment_status":"open","ping_status":"open","sticky":false,"template":"","format":"standard","meta":{"_jetpack_memberships_contains_paid_content":false,"footnotes":""},"categories":[2],"tags":[],"class_list":["post-30201","post","type-post","status-publish","format-standard","has-post-thumbnail","hentry","category-estado"],"jetpack_featured_media_url":"https:\/\/encuentroinformativo.com.mx\/wp-content\/uploads\/2022\/08\/ABD24556-DDC0-4F09-9495-B7B98661D894.jpeg","jetpack_sharing_enabled":true,"jetpack_likes_enabled":true,"amp_enabled":true,"_links":{"self":[{"href":"https:\/\/encuentroinformativo.com.mx\/index.php?rest_route=\/wp\/v2\/posts\/30201","targetHints":{"allow":["GET"]}}],"collection":[{"href":"https:\/\/encuentroinformativo.com.mx\/index.php?rest_route=\/wp\/v2\/posts"}],"about":[{"href":"https:\/\/encuentroinformativo.com.mx\/index.php?rest_route=\/wp\/v2\/types\/post"}],"author":[{"embeddable":true,"href":"https:\/\/encuentroinformativo.com.mx\/index.php?rest_route=\/wp\/v2\/users\/1"}],"replies":[{"embeddable":true,"href":"https:\/\/encuentroinformativo.com.mx\/index.php?rest_route=%2Fwp%2Fv2%2Fcomments&post=30201"}],"version-history":[{"count":1,"href":"https:\/\/encuentroinformativo.com.mx\/index.php?rest_route=\/wp\/v2\/posts\/30201\/revisions"}],"predecessor-version":[{"id":30203,"href":"https:\/\/encuentroinformativo.com.mx\/index.php?rest_route=\/wp\/v2\/posts\/30201\/revisions\/30203"}],"wp:featuredmedia":[{"embeddable":true,"href":"https:\/\/encuentroinformativo.com.mx\/index.php?rest_route=\/wp\/v2\/media\/30202"}],"wp:attachment":[{"href":"https:\/\/encuentroinformativo.com.mx\/index.php?rest_route=%2Fwp%2Fv2%2Fmedia&parent=30201"}],"wp:term":[{"taxonomy":"category","embeddable":true,"href":"https:\/\/encuentroinformativo.com.mx\/index.php?rest_route=%2Fwp%2Fv2%2Fcategories&post=30201"},{"taxonomy":"post_tag","embeddable":true,"href":"https:\/\/encuentroinformativo.com.mx\/index.php?rest_route=%2Fwp%2Fv2%2Ftags&post=30201"}],"curies":[{"name":"wp","href":"https:\/\/api.w.org\/{rel}","templated":true}]}}