{"id":30204,"date":"2022-08-03T16:22:34","date_gmt":"2022-08-03T21:22:34","guid":{"rendered":"https:\/\/encuentroinformativo.com.mx\/?p=30204"},"modified":"2022-08-03T16:22:37","modified_gmt":"2022-08-03T21:22:37","slug":"implementaran-en-escuelas-entornos-proyectores-de-la-ninez","status":"publish","type":"post","link":"https:\/\/encuentroinformativo.com.mx\/?p=30204","title":{"rendered":"Implementar\u00e1n en escuelas \u2018Entornos proyectores de la ni\u00f1ez\u2019"},"content":{"rendered":"\n<p><strong>Dar\u00edo Pale <\/strong><\/p>\n\n\n\n<p>Xalapa, Ver.- Implementar\u00e1n &#8220;Entornos Protectores de la Ni\u00f1ez&#8221; en colegios de Xalapa, ya que se han encontrado afectaciones emocionales en menores, indic\u00f3 la titular del Sistema Municipal de Protecci\u00f3n de Ni\u00f1as, Ni\u00f1os y Adolescentes (Sipinna) municipal Mercy Esther P\u00e9rez Ar\u00e9valo.<\/p>\n\n\n\n<p>En entrevista dio a conocer que, aplicar\u00e1 en escuelas de Xalapa el proyecto &#8220;Entornos Protectores de la\u00a0 Ni\u00f1ez&#8221;, debido a los casos de depresi\u00f3n y ansiedad que se generaron durante la pandemia y ante el regreso a clases de manera presencial.<\/p>\n\n\n\n<p>Coment\u00f3 que han encontrado en el primer semestre del a\u00f1o las afectaciones emocionales en los menores, adem\u00e1s del rezago educativo.<\/p>\n\n\n\n<p>&#8220;Sin duda hemos identificado a lo largo de este primer semestre todas las afectaciones emocionales que tuvieron los ni\u00f1os y tambi\u00e9n en los rezagos educativos, entonces hay que hacer un trabajo en conjunto&#8221;, coment\u00f3.<\/p>\n\n\n\n<p>La funcionaria manifest\u00f3 que el Ayuntamiento de Xalapa y el SIPINNA, en coordinaci\u00f3n con la Direcci\u00f3n de Educaci\u00f3n, Desarrollo Social y otras \u00e1reas, se trabajar\u00e1 para contar con entornos protectores de la ni\u00f1ez junto con las escuelas.<\/p>\n\n\n\n<p>Dijo que trabajar\u00e1n de la mano con algunos centros escolares,\u00a0 primarias y secundarias, para comenzar a apoyar a los maestros para identificar las afectaciones emocionales o de salud que puedan tener las ni\u00f1as y los ni\u00f1os para canalizarlos y atenderlos a trav\u00e9s de la Secretar\u00eda Ejecutiva del SIPINNA y del \u00e1rea de Psicolog\u00eda.<\/p>\n\n\n\n<p>&#8220;Vamos a acompa\u00f1ar tambi\u00e9n en los procesos de violencia que se puedan haber generado porque hay que volver a renovar esta visi\u00f3n de socializaci\u00f3n que los ni\u00f1os perdieron durante dos a\u00f1os&#8221;, se\u00f1al\u00f3.<\/p>\n\n\n\n<p>Mercy Ar\u00e9valo expuso que ya se han visto algunos colegios espec\u00edficos donde comenzar\u00e1 este proyecto de concretar entornos protectores de la ni\u00f1ez y de la adolescencia, as\u00ed como reducir la mayor cantidad de riesgos que ya se est\u00e1n dando en la reintegraci\u00f3n de los menores a la vida escolar.<\/p>\n\n\n\n<p>La titular de Sipinna acot\u00f3 que durante la pandemia la atenci\u00f3n psicol\u00f3gica hab\u00eda disminuido porque \u00fanicamente hab\u00eda comunicaci\u00f3n virtual, pero ahora se ampli\u00f3 el equipo de psicolog\u00eda, ya que hubo un aumento en casos de ansiedad, depresi\u00f3n o estr\u00e9s, lo que preocupa debido a que se trata de ni\u00f1os y ni\u00f1as muy peque\u00f1as.<\/p>\n\n\n\n<p>Finalmente dio a conocer que, &#8220;este tipo de problem\u00e1ticas se ve\u00eda en los adultos y no en los ni\u00f1os, inclusive, en los ni\u00f1os de 5, 6 o 7 a\u00f1os de edad y tenemos ah\u00ed relaci\u00f3n, incluso, con preescolares donde se han identificado estos retrocesos en ciertas pr\u00e1cticas comunes como ir al ba\u00f1o, la mayor\u00eda tiene que ver con depresi\u00f3n, ansiedad y esa carga emocional de volver a socializar&#8221;.<\/p>\n","protected":false},"excerpt":{"rendered":"<p>Dar\u00edo Pale Xalapa, Ver.- Implementar\u00e1n &#8220;Entornos Protectores de la Ni\u00f1ez&#8221; en colegios de Xalapa, ya que se han encontrado afectaciones emocionales en menores, indic\u00f3 la titular del Sistema Municipal de Protecci\u00f3n de Ni\u00f1as, Ni\u00f1os y Adolescentes (Sipinna) municipal Mercy Esther P\u00e9rez Ar\u00e9valo. En entrevista dio a conocer que, aplicar\u00e1 en escuelas de Xalapa el proyecto [&hellip;]<\/p>\n","protected":false},"author":1,"featured_media":30205,"comment_status":"open","ping_status":"open","sticky":false,"template":"","format":"standard","meta":{"_jetpack_memberships_contains_paid_content":false,"footnotes":""},"categories":[3],"tags":[],"class_list":["post-30204","post","type-post","status-publish","format-standard","has-post-thumbnail","hentry","category-xalapa"],"jetpack_featured_media_url":"https:\/\/encuentroinformativo.com.mx\/wp-content\/uploads\/2022\/08\/64F52116-A43D-4268-83D5-506A93758CC0.jpeg","jetpack_sharing_enabled":true,"jetpack_likes_enabled":true,"amp_enabled":true,"_links":{"self":[{"href":"https:\/\/encuentroinformativo.com.mx\/index.php?rest_route=\/wp\/v2\/posts\/30204","targetHints":{"allow":["GET"]}}],"collection":[{"href":"https:\/\/encuentroinformativo.com.mx\/index.php?rest_route=\/wp\/v2\/posts"}],"about":[{"href":"https:\/\/encuentroinformativo.com.mx\/index.php?rest_route=\/wp\/v2\/types\/post"}],"author":[{"embeddable":true,"href":"https:\/\/encuentroinformativo.com.mx\/index.php?rest_route=\/wp\/v2\/users\/1"}],"replies":[{"embeddable":true,"href":"https:\/\/encuentroinformativo.com.mx\/index.php?rest_route=%2Fwp%2Fv2%2Fcomments&post=30204"}],"version-history":[{"count":1,"href":"https:\/\/encuentroinformativo.com.mx\/index.php?rest_route=\/wp\/v2\/posts\/30204\/revisions"}],"predecessor-version":[{"id":30206,"href":"https:\/\/encuentroinformativo.com.mx\/index.php?rest_route=\/wp\/v2\/posts\/30204\/revisions\/30206"}],"wp:featuredmedia":[{"embeddable":true,"href":"https:\/\/encuentroinformativo.com.mx\/index.php?rest_route=\/wp\/v2\/media\/30205"}],"wp:attachment":[{"href":"https:\/\/encuentroinformativo.com.mx\/index.php?rest_route=%2Fwp%2Fv2%2Fmedia&parent=30204"}],"wp:term":[{"taxonomy":"category","embeddable":true,"href":"https:\/\/encuentroinformativo.com.mx\/index.php?rest_route=%2Fwp%2Fv2%2Fcategories&post=30204"},{"taxonomy":"post_tag","embeddable":true,"href":"https:\/\/encuentroinformativo.com.mx\/index.php?rest_route=%2Fwp%2Fv2%2Ftags&post=30204"}],"curies":[{"name":"wp","href":"https:\/\/api.w.org\/{rel}","templated":true}]}}