{"id":3021,"date":"2020-06-02T17:53:31","date_gmt":"2020-06-02T22:53:31","guid":{"rendered":"https:\/\/encuentroinformativo.com\/?p=3021"},"modified":"2020-06-02T17:53:33","modified_gmt":"2020-06-02T22:53:33","slug":"sancionaran-a-responsables-de-pintas-en-templos-religiosos","status":"publish","type":"post","link":"https:\/\/encuentroinformativo.com.mx\/?p=3021","title":{"rendered":"Sancionar\u00e1n a responsables de pintas en templos religiosos"},"content":{"rendered":"\n<p><strong>Dar\u00edo Pale <\/strong><\/p>\n\n\n\n<p>Xalapa, Ver.- El director de Asuntos Religiosos de la Secretar\u00eda de Gobierno, Sergio Ulises Montes Guzm\u00e1n, dio a conocer que dar\u00e1n seguimiento y se proceder\u00e1 ante las autoridades ministeriales por las pintas que sufrieron los templos religiosos el pasado lunes.<\/p>\n\n\n\n<p>Entrevistado en el exterior de palacio de gobierno se\u00f1al\u00f3 que ya tiene conocimiento de qui\u00e9nes pudieron realizar estos actos los cuales estaban cubiertos del rostro y hac\u00edan recorridos en motocicleta.<\/p>\n\n\n\n<p>\u201cLo \u00fanico que puedo hacer es dar parte a las autoridades para que ellas nos auxilien en el seguimiento del caso&#8221;, coment\u00f3.<\/p>\n\n\n\n<p>Algunas de las iglesias que fueron rayadas son San Jos\u00e9, San Isidro y el convento de las madres del Sagrado Coraz\u00f3n entre otras, por lo que har\u00e1n lo conducente ante las autoridades correspondientes.<\/p>\n\n\n\n<p>Coment\u00f3 que este tipo de actos no sirven y antes que nada debe de prevalecer la tolerancia, independientemente de las creencias o de los credos que se tenga, pero existe la obligaci\u00f3n de respetar para poder avanzaras como sociedad.<\/p>\n\n\n\n<p>Para finalizar \u00a0lamento que hayan ocurrido estos actos, lo cual caus\u00f3 inconformidad por parte de autoridades religiosas.<\/p>\n\n\n\n<p><\/p>\n","protected":false},"excerpt":{"rendered":"<p>Dar\u00edo Pale Xalapa, Ver.- El director de Asuntos Religiosos de la Secretar\u00eda de Gobierno, Sergio Ulises Montes Guzm\u00e1n, dio a conocer que dar\u00e1n seguimiento y se proceder\u00e1 ante las autoridades ministeriales por las pintas que sufrieron los templos religiosos el pasado lunes. Entrevistado en el exterior de palacio de gobierno se\u00f1al\u00f3 que ya tiene conocimiento [&hellip;]<\/p>\n","protected":false},"author":1,"featured_media":3022,"comment_status":"open","ping_status":"open","sticky":false,"template":"","format":"standard","meta":{"_jetpack_memberships_contains_paid_content":false,"footnotes":""},"categories":[2],"tags":[],"class_list":["post-3021","post","type-post","status-publish","format-standard","has-post-thumbnail","hentry","category-estado"],"jetpack_featured_media_url":"https:\/\/encuentroinformativo.com.mx\/wp-content\/uploads\/2020\/06\/F7B16851-84EA-49EF-960C-45D7BFE2FED6.jpeg","jetpack_sharing_enabled":true,"jetpack_likes_enabled":true,"amp_enabled":true,"_links":{"self":[{"href":"https:\/\/encuentroinformativo.com.mx\/index.php?rest_route=\/wp\/v2\/posts\/3021","targetHints":{"allow":["GET"]}}],"collection":[{"href":"https:\/\/encuentroinformativo.com.mx\/index.php?rest_route=\/wp\/v2\/posts"}],"about":[{"href":"https:\/\/encuentroinformativo.com.mx\/index.php?rest_route=\/wp\/v2\/types\/post"}],"author":[{"embeddable":true,"href":"https:\/\/encuentroinformativo.com.mx\/index.php?rest_route=\/wp\/v2\/users\/1"}],"replies":[{"embeddable":true,"href":"https:\/\/encuentroinformativo.com.mx\/index.php?rest_route=%2Fwp%2Fv2%2Fcomments&post=3021"}],"version-history":[{"count":1,"href":"https:\/\/encuentroinformativo.com.mx\/index.php?rest_route=\/wp\/v2\/posts\/3021\/revisions"}],"predecessor-version":[{"id":3023,"href":"https:\/\/encuentroinformativo.com.mx\/index.php?rest_route=\/wp\/v2\/posts\/3021\/revisions\/3023"}],"wp:featuredmedia":[{"embeddable":true,"href":"https:\/\/encuentroinformativo.com.mx\/index.php?rest_route=\/wp\/v2\/media\/3022"}],"wp:attachment":[{"href":"https:\/\/encuentroinformativo.com.mx\/index.php?rest_route=%2Fwp%2Fv2%2Fmedia&parent=3021"}],"wp:term":[{"taxonomy":"category","embeddable":true,"href":"https:\/\/encuentroinformativo.com.mx\/index.php?rest_route=%2Fwp%2Fv2%2Fcategories&post=3021"},{"taxonomy":"post_tag","embeddable":true,"href":"https:\/\/encuentroinformativo.com.mx\/index.php?rest_route=%2Fwp%2Fv2%2Ftags&post=3021"}],"curies":[{"name":"wp","href":"https:\/\/api.w.org\/{rel}","templated":true}]}}