{"id":30213,"date":"2022-08-04T09:18:08","date_gmt":"2022-08-04T14:18:08","guid":{"rendered":"https:\/\/encuentroinformativo.com.mx\/?p=30213"},"modified":"2022-08-04T09:18:11","modified_gmt":"2022-08-04T14:18:11","slug":"viva-la-reina","status":"publish","type":"post","link":"https:\/\/encuentroinformativo.com.mx\/?p=30213","title":{"rendered":"\u00a1Viva la Reina!"},"content":{"rendered":"\n<p><strong>Los Pol\u00edticos\u00a0<\/strong><\/p>\n\n\n\n<p><strong>Salvador Mu\u00f1oz<\/strong><\/p>\n\n\n\n<p>El nuevo estilo de hacer pol\u00edtica de Morena rompe con los usos y costumbres con los que la clase pol\u00edtica trataba, al menos hasta hace cuatro a\u00f1os\u2026<\/p>\n\n\n\n<p>Un ejemplo de estos usos y costumbres es la sana distancia que un ex gobernador pon\u00eda en cuanto dejaba el cargo\u2026 Cuando Fidel Herrera Beltr\u00e1n asumi\u00f3 el poder, Miguel Alem\u00e1n rara vez se aparec\u00eda por la entidad\u2026 \u00a1para qu\u00e9! aunque eso s\u00ed, nos enquist\u00f3 a m\u00e1s de un alemanista que poco a poco, al paso de los sexenios, se han ido apagando\u2026<\/p>\n\n\n\n<p>Cuando Javier Duarte asume el poder, hubo muchos que rogaban que T\u00edo Fide regresara a enmendarle la plana a las burradas que comet\u00eda el joven mandatario\u2026 pero la Sana Distancia se hizo efectiva\u2026<\/p>\n\n\n\n<p>En el caso de Miguel \u00c1ngel Yunes como gobernador, Duarte de Ochoa exager\u00f3 la Sana Distancia llev\u00e1ndola allende la frontera sur y luego, hasta el Reclusorio Norte\u2026 quiz\u00e1s estos Usos y Costumbres se estaban amoldando a los tiempos de la Alternancia.<\/p>\n\n\n\n<p>Yunes Linares ha dado su lugar al sucesor y salvo en una o dos ocasiones, ha salido a respirar para seguir manteniendo esa prudente distancia entre quien fue y quien es\u2026<\/p>\n\n\n\n<p>Otro Usos y Costumbres era ver en el cuarto a\u00f1o de mandato, a un gobernador a todo lo que da, inaugurando obras, entregado a su pueblo, de la Ceca a la Meca, a sabiendas de que llegando el quinto a\u00f1o, los jaloneos por la candidatura y una vez establecida la designaci\u00f3n, menguar\u00edan su poder porque \u00e9ste, como por arte de magia, pasar\u00eda al Ungido\u2026<\/p>\n\n\n\n<p>Por supuesto que tenemos tres gobernadores en el siglo que corre, que este \u201cProceso natural\u201d que se daba en la pol\u00edtica \u00a1no se dio!<\/p>\n\n\n\n<p>Javier Duarte no disfrut\u00f3 de su cuarto, quinto ni sexto a\u00f1o\u2026 a mediados de su gobierno todo parec\u00eda venirse para abajo y coincidentemente con el gobierno actual, viv\u00eda en un Veracruzilandia\u2026 su poder&nbsp; fue arrebatado por unos, disfrutado por otros, mientras \u00e9l se hund\u00eda en una especie de \u201cdepre pol\u00edtica\u201d&#8230;<\/p>\n\n\n\n<p>Miguel \u00c1ngel Yunes Linares ni siquiera tuvo tiempo de disfrutar su estancia en Palacio de Gobierno porque de cierto modo, dos a\u00f1os eran nada para remotamente alcanzar \u201cla plenitud del pinche poder\u201d&#8230;<\/p>\n\n\n\n<p>Cuitl\u00e1huac Garc\u00eda tarda bastante en comprender el ejercicio del poder, a tal grado que al menos en los primeros tres a\u00f1os quien lo ejerci\u00f3, as\u00ed como dijera el de Nopaltepec, a plenitud, fue Bola 8. Aparentemente en este su cuarto a\u00f1o, ya como que se despabil\u00f3 pero\u2026<\/p>\n\n\n\n<p>S\u00ed, siempre hay ese pinche \u201cPero\u201d que hace que las cosas provoquen un moh\u00edn de \u201cfuchi, caca, gu\u00e1cala\u201d&#8230;<\/p>\n\n\n\n<p>A lo mejor no se dio cuenta Cuitl\u00e1huac o atendiendo a las primeras l\u00edneas de esta columna, vivimos un nuevo estilo de hacer pol\u00edtica con Morena, y este martes, con la luz verde a la Ley Nahle, la se\u00f1al inequ\u00edvoca que manda este partido a todos sus militantes y a los que no lo son, es que \u201cha muerto el Rey\u2026 \u00a1viva la Reina!\u201d<\/p>\n\n\n\n<p>A partir de este momento, si hay alguien a quien rendir cuentas, a quien acercarse, con quien congraciarse, al menos en Morena, sin duda alguna es Roc\u00edo Nahle\u2026<\/p>\n\n\n\n<p>A partir de este momento, la \u00fanica funci\u00f3n que tiene Cuitl\u00e1huac, si bien le va, ser\u00e1 la de facilitador para lo que tenga que hacer en Veracruz la se\u00f1ora Nahle\u2026 si mal le va, no dejar\u00e1 de hacer lo que tres a\u00f1os atr\u00e1s ven\u00eda haciendo como Gobernador\u2026 \u00a1nada!<\/p>\n\n\n\n<p>As\u00ed que si usted tiene suerte de cruzarse en el camino de Cuic, no tenga empacho en saludarle con un \u201cMenos D\u00edas, Gobernador!\u201d, digo! Para no perder las buenas costumbres del quehacer pol\u00edtico.<\/p>\n\n\n\n<p><a href=\"mailto:smcainito@gmail.com\" target=\"_blank\" rel=\"noreferrer noopener\">smcainito@gmail.com<\/a><\/p>\n","protected":false},"excerpt":{"rendered":"<p>Los Pol\u00edticos\u00a0 Salvador Mu\u00f1oz El nuevo estilo de hacer pol\u00edtica de Morena rompe con los usos y costumbres con los que la clase pol\u00edtica trataba, al menos hasta hace cuatro a\u00f1os\u2026 Un ejemplo de estos usos y costumbres es la sana distancia que un ex gobernador pon\u00eda en cuanto dejaba el cargo\u2026 Cuando Fidel Herrera [&hellip;]<\/p>\n","protected":false},"author":1,"featured_media":387,"comment_status":"open","ping_status":"open","sticky":false,"template":"","format":"standard","meta":{"_jetpack_memberships_contains_paid_content":false,"footnotes":""},"categories":[11],"tags":[],"class_list":["post-30213","post","type-post","status-publish","format-standard","has-post-thumbnail","hentry","category-opinion"],"jetpack_featured_media_url":"https:\/\/encuentroinformativo.com.mx\/wp-content\/uploads\/2020\/03\/7CF8A22B-2764-47BE-8F7F-38FE9E5D6A2F.jpeg","jetpack_sharing_enabled":true,"jetpack_likes_enabled":true,"amp_enabled":true,"_links":{"self":[{"href":"https:\/\/encuentroinformativo.com.mx\/index.php?rest_route=\/wp\/v2\/posts\/30213","targetHints":{"allow":["GET"]}}],"collection":[{"href":"https:\/\/encuentroinformativo.com.mx\/index.php?rest_route=\/wp\/v2\/posts"}],"about":[{"href":"https:\/\/encuentroinformativo.com.mx\/index.php?rest_route=\/wp\/v2\/types\/post"}],"author":[{"embeddable":true,"href":"https:\/\/encuentroinformativo.com.mx\/index.php?rest_route=\/wp\/v2\/users\/1"}],"replies":[{"embeddable":true,"href":"https:\/\/encuentroinformativo.com.mx\/index.php?rest_route=%2Fwp%2Fv2%2Fcomments&post=30213"}],"version-history":[{"count":1,"href":"https:\/\/encuentroinformativo.com.mx\/index.php?rest_route=\/wp\/v2\/posts\/30213\/revisions"}],"predecessor-version":[{"id":30214,"href":"https:\/\/encuentroinformativo.com.mx\/index.php?rest_route=\/wp\/v2\/posts\/30213\/revisions\/30214"}],"wp:featuredmedia":[{"embeddable":true,"href":"https:\/\/encuentroinformativo.com.mx\/index.php?rest_route=\/wp\/v2\/media\/387"}],"wp:attachment":[{"href":"https:\/\/encuentroinformativo.com.mx\/index.php?rest_route=%2Fwp%2Fv2%2Fmedia&parent=30213"}],"wp:term":[{"taxonomy":"category","embeddable":true,"href":"https:\/\/encuentroinformativo.com.mx\/index.php?rest_route=%2Fwp%2Fv2%2Fcategories&post=30213"},{"taxonomy":"post_tag","embeddable":true,"href":"https:\/\/encuentroinformativo.com.mx\/index.php?rest_route=%2Fwp%2Fv2%2Ftags&post=30213"}],"curies":[{"name":"wp","href":"https:\/\/api.w.org\/{rel}","templated":true}]}}