{"id":30218,"date":"2022-08-04T09:29:45","date_gmt":"2022-08-04T14:29:45","guid":{"rendered":"https:\/\/encuentroinformativo.com.mx\/?p=30218"},"modified":"2022-08-04T09:29:48","modified_gmt":"2022-08-04T14:29:48","slug":"le-tienen-miedo-a-nahle","status":"publish","type":"post","link":"https:\/\/encuentroinformativo.com.mx\/?p=30218","title":{"rendered":"LE TIENEN MIEDO A NAHLE"},"content":{"rendered":"\n<p><strong>ColumnaSinNombre<br>@pablojair<\/strong><\/p>\n\n\n\n<ul class=\"wp-block-list\"><li>El orizabe\u00f1o del PAN que gobierna (y bien) Quer\u00e9taro.<\/li><li>Se defienden diputados del PAN que votaron a favor.<\/li><li>900 millones para carreteras \u201clibres\u201d en Veracruz.<\/li><li>Zenyazen afina con INIFED planteles dignos.<\/li><\/ul>\n\n\n\n<p>No es el estado de origen, es mera misoginia<br>\u2014Chopenjawer<\/p>\n\n\n\n<p>Una obra de arte hecha pel\u00edcula es &#8220;Gangs of New York&#8221; (&#8220;Pandillas de Nueva York&#8221;, del legendario cineasta Martin Scorsese). En ella se habla principalmente del conflicto entre los &#8220;nativos&#8221; americanos y las familias irlandesas que migraban y llegaban por miles a ese puerto en el siglo XIX.<\/p>\n\n\n\n<p>El fondo, era el conflicto racial, la fobia a los extranjeros o xenofobia. El l\u00edder de los nativos, Bill &#8220;The Butcher&#8221; Cutting (interpretado por el gran Daniel Day-Lewis), declara una guerra sangrienta en las calles contra los &#8220;no americanos&#8221;, aunque mantiene ciertos c\u00f3digos de honor.<\/p>\n\n\n\n<p>Pero el verdadero fondo-fondo eran los negocios de su pandilla de &#8220;nativos&#8221; sobre el derecho de piso, extorsi\u00f3n, protecci\u00f3n, control pol\u00edtico sobre un punto de Nueva York llamado &#8220;Los Cinco Puntos&#8221;, a donde llegaban los inmigrantes. Vea la pel\u00edcula, es altamente recomendable.<\/p>\n\n\n\n<p>En Veracruz, m\u00e1s espec\u00edficamente en el sur, varios llegaron a migrar de distintas partes del mundo: ingleses, franceses, chinos, espa\u00f1oles, libaneses, entre otros, por la industria petrolera. Todav\u00eda existen descendientes de esas familias y algunas de plano se fueron para siempre porque no aguantaron el calor y los zancudos.<\/p>\n\n\n\n<p>A esa misma regi\u00f3n han llegado \u2014por generaciones\u2014 gente de otras partes de M\u00e9xico. En Coatzacoalcos, por ejemplo, hay muchos chiapanecos, tabasque\u00f1os y oaxaque\u00f1os. En Minatitl\u00e1n, xapap\u00e1, ni se diga: parece extensi\u00f3n de Oaxaca, pero tambi\u00e9n llegaron familias de Tamaulipas que se asentaron y algunos de plano se quedaron a vivir ah\u00ed. Aunque al principio hab\u00eda un recelo de los oaxaque\u00f1os y veracruzanos hacia los &#8220;norte\u00f1os&#8221;, finalmente las tres culturas se adaptaron a convivir juntos.<\/p>\n\n\n\n<p>Ese es el caso de Roc\u00edo Nahle, hoy secretaria de Energ\u00eda del gobierno federal, quien llega al sur de Veracruz hace cerca de 30 a\u00f1os, precisamente por la industria petrolera. Ella es oriunda de Zacatecas, donde tambi\u00e9n estudi\u00f3.<\/p>\n\n\n\n<p>A Roc\u00edo Nahle se le conoce en el sur de Veracruz desde los a\u00f1os noventa cuando era una activista muy movida del Partido de la Revoluci\u00f3n Democr\u00e1tica (PRD). No son pocos los periodistas que la recuerdan trabajando en las oficinas que el partido del sol azteca ten\u00eda en Coatzacoalcos, cerca del Palacio Municipal, donde adem\u00e1s enarbolaba la defensa del petr\u00f3leo.<\/p>\n\n\n\n<p>Esa lucha le dio notoriedad pol\u00edtica y ah\u00ed comenz\u00f3 a hacer su carrera. Una vez que el PRD se fue convirtiendo en refugio de malandros y comenz\u00f3 a acuerdos con los pri\u00edstas, Nahle fue una de las que renunci\u00f3 para irse a la aventura &#8211;junto a Andr\u00e9s Manuel L\u00f3pez Obrador y otros miles&#8211; de crear un nuevo movimiento, que hoy conocemos como MORENA.<\/p>\n\n\n\n<p>Ella, junto al actual gobernador Cuitl\u00e1huac Garc\u00eda Jim\u00e9nez, fueron los dos primeros legisladores federales que ganaron elecciones para el partido lopezobradorista, en 2015. Dos a\u00f1os despu\u00e9s, Nahle ganar\u00eda la senadur\u00eda por amplio margen junto a Ricardo Ahued Bardahuil (quien tampoco naci\u00f3 en Veracruz, pero es m\u00e1s xalape\u00f1o que el chile seco); no obstante, pedir\u00eda licencia para integrarse al gabinete de L\u00f3pez Obrador.<\/p>\n\n\n\n<p>Hoy Roc\u00edo Nahle es la aspirante con mayores posibilidades para ser la primera gobernadora de Veracruz. Salvo un cataclismo de \u00faltima hora, as\u00ed ser\u00e1.<\/p>\n\n\n\n<p>Esto ha causado que se comiencen a exponer temores y fobias de grupos radicales de oposici\u00f3n: hablan ya de &#8220;Veracruz para los Veracruzanos&#8221;, como si ser nativo del estado fuese garant\u00eda de un buen gobierno.<\/p>\n\n\n\n<p>Veamos a los recientes gobernadores: Miguel \u00c1ngel Yunes Linares, de Soledad de Doblado, m\u00e1s dedicado a la persecuci\u00f3n de enemigos pol\u00edticos y en poner a su primog\u00e9nito \u201cMiguel Chiquito\u201d como sucesor; Javier Duarte naci\u00f3 en el puerto de Veracruz y fue criado en C\u00f3rdoba (yo creo que todo mundo se acuerda de su gobierno); Fidel Herrera, de Nopaltepec, municipio de Cosamaloapan, muy popular, pero en su gesti\u00f3n se dispararon los \u00edndices de violencia inusitada por el narcotr\u00e1fico, as\u00ed como los endeudamientos del gobierno.<\/p>\n\n\n\n<p>Tambi\u00e9n estuvo Miguel Alem\u00e1n Velasco, quien supuestamente naci\u00f3 en Veracruz, pero siempre han existido rumores de que naci\u00f3 en la Ciudad de M\u00e9xico.<\/p>\n\n\n\n<p>Su antecesor Patricio Chirinos Calero ni siquiera era veracruzano: era originario de San Luis Potos\u00ed y su acta de nacimiento la exhibieron en su momento; no obstante fue el \u00faltimo gobernador que dej\u00f3 dinero en caja.<\/p>\n\n\n\n<p>Bueno, y a todo esto, \u00bfesos mismos que hoy se espantan de las aspiraciones de Nahle no estaban mame y mame y mame que quer\u00edan a Ahued de gobernador pese a no ser veracruzano? \u00bfO no eran los mismos que tambi\u00e9n estuvieron haci\u00e9ndole el caldo gordo a Sergio Guti\u00e9rrez Luna, quien no ha hecho carrera pol\u00edtica en Veracruz?<\/p>\n\n\n\n<p>\u00bfEntonces cu\u00e1l es la diferencia? \u00bfSer mujer?<\/p>\n\n\n\n<p>La realidad es que el golpeteo contra Nahle es simple: es la que tiene \u2014hasta el momento\u2014 la mayor probabilidad de ser gobernadora, con o sin ley para decir si es veracruzana o no (que es bastante absurdo).<\/p>\n\n\n\n<p>Por eso el temor, por eso la fobia de quienes todav\u00eda no entienden del cambio generacional en la pol\u00edtica; los mismos que han succionado del presupuesto desde el gobernador Rafael Hern\u00e1ndez Ochoa (1974\u20131980); los que quieren conservar el estatus quo, el modus vivendi de los negocios al amparo del poder.<\/p>\n\n\n\n<p>Y eso es el verdadero fondo-fondo: la a\u00f1oranza de los business. Volver a los privilegios que perdieron hace poco con los mismos personajes del ayer: PepeYu, T\u00edo Dante y anexas menos relevantes.<\/p>\n\n\n\n<p>Al parecer todav\u00eda no les cae el veinte de que ya hay otras circunstancias, otra historia; sobre todo porque no se ven nuevos \u201cl\u00edderes\u201d para lanzar al ruedo. Por eso la oposici\u00f3n no se ve, no se siente, aunque dicen que andan haciendo reuniones \u201csecretas\u201d casi-casi como los Iluminati.<\/p>\n\n\n\n<p>La mera verdad, todas las se\u00f1ales de esos grupos indican que le tienen harto miedo a la Nahle.<\/p>\n\n\n\n<p>Todo puede pasar; en pol\u00edtica nada est\u00e1 escrito. \u00bfMi consejo? No se apaniquen, relax, mis ni\u00f1os, todav\u00eda falta un rato para que inicie la fiesta.<\/p>\n\n\n\n<p><strong>NOTA PARA PEGAR EN EL REFRI:<\/strong> Es panista. Naci\u00f3 en Orizaba y es gobernador de Quer\u00e9taro, uno de los estados que m\u00e1s ha crecido y es de los mejores gobernados en el pa\u00eds. Se trata de Mauricio Kuri Gonz\u00e1lez, quien vio la luz la primera vez un 9 de mayo de 1969 all\u00e1 en la hermosa Pluviosilla\u2026 Nunca la hicieron de flatulencia los queretanos por tener a un veracruzano como gobernador y hasta ahora parece que no se han quejado porque Kuri siempre est\u00e1 en los primeros lugares de los mejor evaluados.<\/p>\n\n\n\n<p><strong>OTRA NOTA: <\/strong>Al menos dos diputados del PAN que votaron a favor de la Ley de Residencia Efectiva en Veracruz, salieron a defenderse en redes sociales por ola de linchamiento y odio que sus propios compa\u00f1eros militantes desataron\u2026 El diputado local del Partido Acci\u00f3n Nacional (PAN), Hugo Gonz\u00e1lez Saavedra, public\u00f3: \u201cVarios Estados tienen gobernadores del PAN QUE NACIERON en otros estados, y ac\u00e1 se homologa una ley que tiene varios a\u00f1os en la Federaci\u00f3n y nuestros compa\u00f1eros nos descuartizan y satanizan, si este es el fuego amigo, cual ser\u00e1 el enemigo? UN MEXICANO NACE Y VIVE DONDE SE LE PEGA LA CHINGADA GANA y no debe perder sus derecho humanos ni pol\u00edticos, es cuanto\u201d\u2026 Por su parte, la diputada Nora Lagunes J\u00e1uregui, a trav\u00e9s de Twitter record\u00f3 que por reformas como la aprobada este martes, permiti\u00f3 que mexicanos con ra\u00edces extranjeras pudieran ser votados y fue as\u00ed como Vicente Fox Quesada se convirti\u00f3 en presidente de M\u00e9xico en el a\u00f1o 2000\u2026 \u201cEsta armonizaci\u00f3n lo que verdaderamente evidenci\u00f3 es el \u00e1nimo derrotista que habita en algunos, sobretodo quienes han dirigido mensajes tergiversando la realidad, minti\u00e9ndole a la opini\u00f3n p\u00fablica\u201d expres\u00f3 la legisladora y arremeti\u00f3: \u201cEl anuncio de la Dirigencia Estatal de mi partido sobre una posible sanci\u00f3n, es solo un n\u00famero m\u00e1s para desviar la atenci\u00f3n del p\u00e9simo trabajo que han realizado y que tiene inconformes a muchos militantes\u201d.<\/p>\n\n\n\n<p><strong>OTRA NOTA EXTRA:<\/strong> La Secretar\u00eda de Infraestructura, Comunicaciones y Transportes (SICT) Veracruz ejerce este a\u00f1o cerca de 900 millones de pesos para la conservaci\u00f3n carretera de la Red Federal Libre de Peaje en el estado\u2026 Se trabajan 65 obras de reconstrucci\u00f3n y conservaci\u00f3n peri\u00f3dica de puentes, construcci\u00f3n peri\u00f3dica en cerca de 300 kil\u00f3metros, as\u00ed como se\u00f1alamientos horizontales y verticales, adem\u00e1s de barreras de protecci\u00f3n\u2026 Los trabajos se ejecutan en los 2 mil 575.93 kil\u00f3metros que comprende la Red Federal Libre de Peaje en el estado de Veracruz con la finalidad de conservar y mejorar las condiciones f\u00edsicas de las carreteras federales libres de peaje y optimizar el nivel de servicio y la seguridad de los usuarios. Bien por el trabajo del ingeniero \u00c1lvarez Font\u00e1n.<\/p>\n\n\n\n<p><strong>LA \u00daLTIMA PORQUE SEGUIMOS CON EL AC ORIGINS: <\/strong>El secretario de Educaci\u00f3n, Zenyazen Escobar Garc\u00eda, sostuvo una reuni\u00f3n de trabajo con el director general del Instituto Nacional de la Infraestructura F\u00edsica Educativa (INIFED), C\u00e9sar Adri\u00e1n Basilio Ortiz, para establecer las l\u00edneas de acci\u00f3n que se aplicar\u00e1n en Veracruz en beneficio de las y los alumnos de la entidad. Acompa\u00f1ado por el director del Instituto de Espacios Educativos del Estado de Veracruz (IEEV), Ricardo Garc\u00eda Jim\u00e9nez, el titular de la Secretar\u00eda de Educaci\u00f3n de Veracruz (SEV) celebr\u00f3 la realizaci\u00f3n de este encuentro, pues deja ver el respaldo de la federaci\u00f3n y la buena coordinaci\u00f3n del trabajo que se tiene entre ambos \u00f3rdenes de gobierno. Durante la reuni\u00f3n efectuada en su oficina, se dieron a conocer los avances de la aplicaci\u00f3n de los diferentes fondos que tiene el INIFED, los lineamientos del nuevo FONDEN, la forma en que se han distribuido los recursos p\u00fablicos en Veracruz para que las y los estudiantes cuenten con espacios dignos y diferentes gestiones en pro de la transformaci\u00f3n educativa que se vive en el estado.<\/p>\n","protected":false},"excerpt":{"rendered":"<p>ColumnaSinNombre@pablojair El orizabe\u00f1o del PAN que gobierna (y bien) Quer\u00e9taro. Se defienden diputados del PAN que votaron a favor. 900 millones para carreteras \u201clibres\u201d en Veracruz. Zenyazen afina con INIFED planteles dignos. No es el estado de origen, es mera misoginia\u2014Chopenjawer Una obra de arte hecha pel\u00edcula es &#8220;Gangs of New York&#8221; (&#8220;Pandillas de Nueva [&hellip;]<\/p>\n","protected":false},"author":1,"featured_media":488,"comment_status":"open","ping_status":"open","sticky":false,"template":"","format":"standard","meta":{"_jetpack_memberships_contains_paid_content":false,"footnotes":""},"categories":[11],"tags":[],"class_list":["post-30218","post","type-post","status-publish","format-standard","has-post-thumbnail","hentry","category-opinion"],"jetpack_featured_media_url":"https:\/\/encuentroinformativo.com.mx\/wp-content\/uploads\/2020\/03\/F471F608-BA1A-416B-BA7B-BCFB24F4E6D0.jpeg","jetpack_sharing_enabled":true,"jetpack_likes_enabled":true,"amp_enabled":true,"_links":{"self":[{"href":"https:\/\/encuentroinformativo.com.mx\/index.php?rest_route=\/wp\/v2\/posts\/30218","targetHints":{"allow":["GET"]}}],"collection":[{"href":"https:\/\/encuentroinformativo.com.mx\/index.php?rest_route=\/wp\/v2\/posts"}],"about":[{"href":"https:\/\/encuentroinformativo.com.mx\/index.php?rest_route=\/wp\/v2\/types\/post"}],"author":[{"embeddable":true,"href":"https:\/\/encuentroinformativo.com.mx\/index.php?rest_route=\/wp\/v2\/users\/1"}],"replies":[{"embeddable":true,"href":"https:\/\/encuentroinformativo.com.mx\/index.php?rest_route=%2Fwp%2Fv2%2Fcomments&post=30218"}],"version-history":[{"count":1,"href":"https:\/\/encuentroinformativo.com.mx\/index.php?rest_route=\/wp\/v2\/posts\/30218\/revisions"}],"predecessor-version":[{"id":30219,"href":"https:\/\/encuentroinformativo.com.mx\/index.php?rest_route=\/wp\/v2\/posts\/30218\/revisions\/30219"}],"wp:featuredmedia":[{"embeddable":true,"href":"https:\/\/encuentroinformativo.com.mx\/index.php?rest_route=\/wp\/v2\/media\/488"}],"wp:attachment":[{"href":"https:\/\/encuentroinformativo.com.mx\/index.php?rest_route=%2Fwp%2Fv2%2Fmedia&parent=30218"}],"wp:term":[{"taxonomy":"category","embeddable":true,"href":"https:\/\/encuentroinformativo.com.mx\/index.php?rest_route=%2Fwp%2Fv2%2Fcategories&post=30218"},{"taxonomy":"post_tag","embeddable":true,"href":"https:\/\/encuentroinformativo.com.mx\/index.php?rest_route=%2Fwp%2Fv2%2Ftags&post=30218"}],"curies":[{"name":"wp","href":"https:\/\/api.w.org\/{rel}","templated":true}]}}