{"id":30221,"date":"2022-08-04T09:40:11","date_gmt":"2022-08-04T14:40:11","guid":{"rendered":"https:\/\/encuentroinformativo.com.mx\/?p=30221"},"modified":"2022-08-04T09:40:14","modified_gmt":"2022-08-04T14:40:14","slug":"conductor-ebrio-se-impacto-contra-camion-en-protesta-de-amotac","status":"publish","type":"post","link":"https:\/\/encuentroinformativo.com.mx\/?p=30221","title":{"rendered":"Conductor ebrio se impact\u00f3 contra cami\u00f3n en protesta de Amotac"},"content":{"rendered":"\n<p><strong>Juan Arcos<\/strong><\/p>\n\n\n\n<p>Xalapa, Ver.- Un sujeto en aparente estado de ebriedad choc\u00f3 contra un cami\u00f3n de carga pesada durante la protesta de la Alianza Mexicana de Organizaciones Transportistas (Amotac).<\/p>\n\n\n\n<p>Los hechos ocurrieron alrededor de las ocho de la ma\u00f1ana sobre el bulevar Xalapa-Banderilla, a la altura de la colonia 21 de Marzo, donde esta persona se identific\u00f3 como polic\u00eda e intent\u00f3 darse a la fuga en el veh\u00edculo que conduc\u00eda, un Volkswagen-Jetta, color rojo, con los cristales polarizados.<\/p>\n\n\n\n<p>Los manifestantes, enardecidos por los abusos que presuntamente han padecido por parte de elementos de la Secretar\u00eda de Seguridad P\u00fablica (SSP), lo rodearon y amagaron con lincharlo.<\/p>\n\n\n\n<p>Al sitio se presentaron elementos de la Polic\u00eda Vial y de la Direcci\u00f3n General de Tr\u00e1nsito y Seguridad Vial para solicitar al conductor que descendiera de la unidad, pero se neg\u00f3 a hacerlo.<\/p>\n\n\n\n<p>Por tal motivo, los integrantes de Amotac poncharon sus llantas para evitar que huyera y, junto con los elementos estatales, lo presionaron para que bajara del autom\u00f3vil.<\/p>\n\n\n\n<p>\u201cA nosotros nos detienen en estado de ebriedad y nos esposan, nos golpean y nos remiten, pero a \u00e9l, como es polic\u00eda, lo tratan diferente\u201d, recriminaron.<\/p>\n\n\n\n<p>Los transportistas usaron cinta adhesiva para atar sus manos como si estuviera esposado, en espera de elementos de la SSP que lo detuvieran y remitieran al cuartel \u201cHeriberto Jara Corona\u201d, mejor conocido como \u201cSan Jos\u00e9\u201d.<\/p>\n\n\n\n<p>El due\u00f1o del cami\u00f3n afectado dijo que proceder\u00eda legalmente contra el presunto polic\u00eda, quien fue detenido por elementos estatales para que se haga responsable por los da\u00f1os que ocasion\u00f3. <br><\/p>\n\n\n\n<figure class=\"wp-block-image size-large\"><img loading=\"lazy\" decoding=\"async\" width=\"1024\" height=\"768\" src=\"https:\/\/encuentroinformativo.com.mx\/wp-content\/uploads\/2022\/08\/12C8ED33-FFE9-405C-8A19-3EFE597C5B6F-1024x768.jpeg\" alt=\"\" class=\"wp-image-30223\" srcset=\"https:\/\/encuentroinformativo.com.mx\/wp-content\/uploads\/2022\/08\/12C8ED33-FFE9-405C-8A19-3EFE597C5B6F-1024x768.jpeg 1024w, https:\/\/encuentroinformativo.com.mx\/wp-content\/uploads\/2022\/08\/12C8ED33-FFE9-405C-8A19-3EFE597C5B6F-300x225.jpeg 300w, https:\/\/encuentroinformativo.com.mx\/wp-content\/uploads\/2022\/08\/12C8ED33-FFE9-405C-8A19-3EFE597C5B6F-768x576.jpeg 768w, https:\/\/encuentroinformativo.com.mx\/wp-content\/uploads\/2022\/08\/12C8ED33-FFE9-405C-8A19-3EFE597C5B6F-1536x1152.jpeg 1536w, https:\/\/encuentroinformativo.com.mx\/wp-content\/uploads\/2022\/08\/12C8ED33-FFE9-405C-8A19-3EFE597C5B6F.jpeg 2016w\" sizes=\"auto, (max-width: 1024px) 100vw, 1024px\" \/><\/figure>\n","protected":false},"excerpt":{"rendered":"<p>Juan Arcos Xalapa, Ver.- Un sujeto en aparente estado de ebriedad choc\u00f3 contra un cami\u00f3n de carga pesada durante la protesta de la Alianza Mexicana de Organizaciones Transportistas (Amotac). Los hechos ocurrieron alrededor de las ocho de la ma\u00f1ana sobre el bulevar Xalapa-Banderilla, a la altura de la colonia 21 de Marzo, donde esta persona [&hellip;]<\/p>\n","protected":false},"author":1,"featured_media":30222,"comment_status":"open","ping_status":"open","sticky":false,"template":"","format":"standard","meta":{"_jetpack_memberships_contains_paid_content":false,"footnotes":""},"categories":[8],"tags":[],"class_list":["post-30221","post","type-post","status-publish","format-standard","has-post-thumbnail","hentry","category-region"],"jetpack_featured_media_url":"https:\/\/encuentroinformativo.com.mx\/wp-content\/uploads\/2022\/08\/4A10939E-DFE6-4FC3-A1FB-5B36119AC07F.jpeg","jetpack_sharing_enabled":true,"jetpack_likes_enabled":true,"amp_enabled":true,"_links":{"self":[{"href":"https:\/\/encuentroinformativo.com.mx\/index.php?rest_route=\/wp\/v2\/posts\/30221","targetHints":{"allow":["GET"]}}],"collection":[{"href":"https:\/\/encuentroinformativo.com.mx\/index.php?rest_route=\/wp\/v2\/posts"}],"about":[{"href":"https:\/\/encuentroinformativo.com.mx\/index.php?rest_route=\/wp\/v2\/types\/post"}],"author":[{"embeddable":true,"href":"https:\/\/encuentroinformativo.com.mx\/index.php?rest_route=\/wp\/v2\/users\/1"}],"replies":[{"embeddable":true,"href":"https:\/\/encuentroinformativo.com.mx\/index.php?rest_route=%2Fwp%2Fv2%2Fcomments&post=30221"}],"version-history":[{"count":1,"href":"https:\/\/encuentroinformativo.com.mx\/index.php?rest_route=\/wp\/v2\/posts\/30221\/revisions"}],"predecessor-version":[{"id":30224,"href":"https:\/\/encuentroinformativo.com.mx\/index.php?rest_route=\/wp\/v2\/posts\/30221\/revisions\/30224"}],"wp:featuredmedia":[{"embeddable":true,"href":"https:\/\/encuentroinformativo.com.mx\/index.php?rest_route=\/wp\/v2\/media\/30222"}],"wp:attachment":[{"href":"https:\/\/encuentroinformativo.com.mx\/index.php?rest_route=%2Fwp%2Fv2%2Fmedia&parent=30221"}],"wp:term":[{"taxonomy":"category","embeddable":true,"href":"https:\/\/encuentroinformativo.com.mx\/index.php?rest_route=%2Fwp%2Fv2%2Fcategories&post=30221"},{"taxonomy":"post_tag","embeddable":true,"href":"https:\/\/encuentroinformativo.com.mx\/index.php?rest_route=%2Fwp%2Fv2%2Ftags&post=30221"}],"curies":[{"name":"wp","href":"https:\/\/api.w.org\/{rel}","templated":true}]}}