{"id":30234,"date":"2022-08-04T15:27:01","date_gmt":"2022-08-04T20:27:01","guid":{"rendered":"https:\/\/encuentroinformativo.com.mx\/?p=30234"},"modified":"2022-08-04T15:27:04","modified_gmt":"2022-08-04T20:27:04","slug":"por-barco-llego-tercer-caso-de-viruela-a-veracruz","status":"publish","type":"post","link":"https:\/\/encuentroinformativo.com.mx\/?p=30234","title":{"rendered":"Por barco, lleg\u00f3 tercer caso de viruela a Veracruz"},"content":{"rendered":"\n<p><strong>Dar\u00edo Pale <\/strong><\/p>\n\n\n\n<p>Xalapa, Ver.- En Veracruz ya se confirmaron tres casos de la viruela s\u00edmica y revel\u00f3 que el caso m\u00e1s reciente es de una persona que lleg\u00f3 de la India, as\u00ed lo inform\u00f3 el gobernador del estado Cuitl\u00e1huac Garc\u00eda Jim\u00e9nez.<\/p>\n\n\n\n<p>En entrevista se\u00f1al\u00f3 que, &#8220;en efecto, se confirma el tercero, pero es un paciente de La India, lleg\u00f3 por barco y se le detect\u00f3 ah\u00ed, se le hicieron estudios, se le atendi\u00f3 ah\u00ed. Se le est\u00e1 tratando de manera ambulatoria, pero est\u00e1 aislado&#8221;.<\/p>\n\n\n\n<p>Detall\u00f3 que el barco en donde viajaba el ciudadano hind\u00fa, es de carga, pero hicieron escala en varios pa\u00edses, pero tanto esa persona como otros integrantes de la tripulaci\u00f3n, presentaron s\u00edntomas.<\/p>\n\n\n\n<p>En ese sentido, expuso que se hicieron estudios a seis personas, de los cuales, se fueron descartando hasta quedar s\u00f3lo uno.<\/p>\n\n\n\n<p><strong>Vacuna de Segunda Dosis para J\u00f3venes<\/strong><\/p>\n\n\n\n<p>En otro orden de ideas, en relaci\u00f3n a la vacunaci\u00f3n, el Ejecutivo, afirm\u00f3 que s\u00ed hay vacuna <em>Pfizer<\/em> suficiente para continuar la aplicaci\u00f3n en segundas dosis a los j\u00f3venes de 12 a 17 a\u00f1os de edad, as\u00ed como primeras dosis para menores de 5 a 11 a\u00f1os de edad.<\/p>\n\n\n\n<p>Aclar\u00f3 que no se pueden hacer las programaciones sino les llega la vacuna y los insumos m\u00e9dicos y de enfermer\u00eda como jeringas, suficientes.<\/p>\n\n\n\n<p>De manera que en el \u00faltimo embarque les lleg\u00f3 vacuna e insumos para poder programar los 22 municipios que anunci\u00f3 este mi\u00e9rcoles.<\/p>\n\n\n\n<p>Abund\u00f3 que en esos 22 municipios est\u00e1n programando aplicar la vacuna a los menores de 5 a 11 a\u00f1os de edad, as\u00ed como la de 12 a 17 a\u00f1os de edad.<\/p>\n\n\n\n<p>&#8220;Es la segunda dosis para adolescentes de 12 a 17 a\u00f1os y la primera dosis para la ni\u00f1ez, de 5 a 11, en donde lo dimos a conocer&#8221;, abund\u00f3.<\/p>\n\n\n\n<p>Finalmente, adelant\u00f3 que existe la posibilidad de que en Xalapa se construya un hospital de alta especialidad del ISSSTE, en el que se expandir\u00edan los servicios que se tienen en la cl\u00ednica de esta capital.<\/p>\n","protected":false},"excerpt":{"rendered":"<p>Dar\u00edo Pale Xalapa, Ver.- En Veracruz ya se confirmaron tres casos de la viruela s\u00edmica y revel\u00f3 que el caso m\u00e1s reciente es de una persona que lleg\u00f3 de la India, as\u00ed lo inform\u00f3 el gobernador del estado Cuitl\u00e1huac Garc\u00eda Jim\u00e9nez. En entrevista se\u00f1al\u00f3 que, &#8220;en efecto, se confirma el tercero, pero es un paciente [&hellip;]<\/p>\n","protected":false},"author":1,"featured_media":28861,"comment_status":"open","ping_status":"open","sticky":false,"template":"","format":"standard","meta":{"_jetpack_memberships_contains_paid_content":false,"footnotes":""},"categories":[9],"tags":[],"class_list":["post-30234","post","type-post","status-publish","format-standard","has-post-thumbnail","hentry","category-salud"],"jetpack_featured_media_url":"https:\/\/encuentroinformativo.com.mx\/wp-content\/uploads\/2022\/06\/CE9B2C0B-33DE-464B-9FBB-070C59B0E851.jpeg","jetpack_sharing_enabled":true,"jetpack_likes_enabled":true,"amp_enabled":true,"_links":{"self":[{"href":"https:\/\/encuentroinformativo.com.mx\/index.php?rest_route=\/wp\/v2\/posts\/30234","targetHints":{"allow":["GET"]}}],"collection":[{"href":"https:\/\/encuentroinformativo.com.mx\/index.php?rest_route=\/wp\/v2\/posts"}],"about":[{"href":"https:\/\/encuentroinformativo.com.mx\/index.php?rest_route=\/wp\/v2\/types\/post"}],"author":[{"embeddable":true,"href":"https:\/\/encuentroinformativo.com.mx\/index.php?rest_route=\/wp\/v2\/users\/1"}],"replies":[{"embeddable":true,"href":"https:\/\/encuentroinformativo.com.mx\/index.php?rest_route=%2Fwp%2Fv2%2Fcomments&post=30234"}],"version-history":[{"count":1,"href":"https:\/\/encuentroinformativo.com.mx\/index.php?rest_route=\/wp\/v2\/posts\/30234\/revisions"}],"predecessor-version":[{"id":30235,"href":"https:\/\/encuentroinformativo.com.mx\/index.php?rest_route=\/wp\/v2\/posts\/30234\/revisions\/30235"}],"wp:featuredmedia":[{"embeddable":true,"href":"https:\/\/encuentroinformativo.com.mx\/index.php?rest_route=\/wp\/v2\/media\/28861"}],"wp:attachment":[{"href":"https:\/\/encuentroinformativo.com.mx\/index.php?rest_route=%2Fwp%2Fv2%2Fmedia&parent=30234"}],"wp:term":[{"taxonomy":"category","embeddable":true,"href":"https:\/\/encuentroinformativo.com.mx\/index.php?rest_route=%2Fwp%2Fv2%2Fcategories&post=30234"},{"taxonomy":"post_tag","embeddable":true,"href":"https:\/\/encuentroinformativo.com.mx\/index.php?rest_route=%2Fwp%2Fv2%2Ftags&post=30234"}],"curies":[{"name":"wp","href":"https:\/\/api.w.org\/{rel}","templated":true}]}}