{"id":30236,"date":"2022-08-04T15:33:05","date_gmt":"2022-08-04T20:33:05","guid":{"rendered":"https:\/\/encuentroinformativo.com.mx\/?p=30236"},"modified":"2022-08-04T15:33:08","modified_gmt":"2022-08-04T20:33:08","slug":"investiga-ssp-presuntos-abusos-contra-transportistas-afirma-gobernador","status":"publish","type":"post","link":"https:\/\/encuentroinformativo.com.mx\/?p=30236","title":{"rendered":"Investiga SSP presuntos abusos contra transportistas; afirma Gobernador"},"content":{"rendered":"\n<p><strong>Dar\u00edo Pale <\/strong><\/p>\n\n\n\n<p>Xalapa, Ver.- El gobernador de Veracruz Cuitl\u00e1huac Garc\u00eda Jim\u00e9nez dio a conocer que, asuntos Internos de la Secretar\u00eda de Seguridad P\u00fablica (SSP) ya investiga los supuestos &#8220;moches&#8221; y abusos contra transportistas.<\/p>\n\n\n\n<p>En entrevista se\u00f1al\u00f3 que despu\u00e9s del bloqueo y protesta que este jueves hicieron integrantes de la Alianza Mexicana de Organizaci\u00f3n de Transportistas A.C. (Amotac) d\u00f3nde denunciaron que polic\u00edas les piden moches y los altos cobros de empresas de gr\u00faas, el mandatario estatal inform\u00f3 que desbloquearon la vialidad tras el acuerdo de una reuni\u00f3n para investigar y sancionar en su caso, lo antes denunciado.<\/p>\n\n\n\n<p>\u201cYa est\u00e1 el acuerdo, se envi\u00f3 al director de Tr\u00e1nsito, personal de la Secretar\u00eda de Seguridad P\u00fablica para que se atendieran todos los temas. Nosotros ya hab\u00edamos anticipado haber iniciado una investigaci\u00f3n con Asuntos Internos sobre algunos puntos particulares que ellos est\u00e1n demandando. Se lleg\u00f3 a un acuerdo, se va a operar, se qued\u00f3 de hacer otra reuni\u00f3n ac\u00e1 en las instalaciones de Seguro P\u00fablica&#8221;, se\u00f1al\u00f3.<\/p>\n\n\n\n<p>Por \u00faltimo enfatiz\u00f3 que se atender\u00e1 a los transportistas en otras reuniones, cabe recordar que los transportistas de AMOTAC bloquearon la ma\u00f1ana de este jueves un carril en ambos sentidos del bulevard Xalapa-Banderilla.<\/p>\n","protected":false},"excerpt":{"rendered":"<p>Dar\u00edo Pale Xalapa, Ver.- El gobernador de Veracruz Cuitl\u00e1huac Garc\u00eda Jim\u00e9nez dio a conocer que, asuntos Internos de la Secretar\u00eda de Seguridad P\u00fablica (SSP) ya investiga los supuestos &#8220;moches&#8221; y abusos contra transportistas. En entrevista se\u00f1al\u00f3 que despu\u00e9s del bloqueo y protesta que este jueves hicieron integrantes de la Alianza Mexicana de Organizaci\u00f3n de Transportistas [&hellip;]<\/p>\n","protected":false},"author":1,"featured_media":30237,"comment_status":"open","ping_status":"open","sticky":false,"template":"","format":"standard","meta":{"_jetpack_memberships_contains_paid_content":false,"footnotes":""},"categories":[2],"tags":[],"class_list":["post-30236","post","type-post","status-publish","format-standard","has-post-thumbnail","hentry","category-estado"],"jetpack_featured_media_url":"https:\/\/encuentroinformativo.com.mx\/wp-content\/uploads\/2022\/08\/E3A430DD-2643-4422-87BC-4E7E57EBB097.jpeg","jetpack_sharing_enabled":true,"jetpack_likes_enabled":true,"amp_enabled":true,"_links":{"self":[{"href":"https:\/\/encuentroinformativo.com.mx\/index.php?rest_route=\/wp\/v2\/posts\/30236","targetHints":{"allow":["GET"]}}],"collection":[{"href":"https:\/\/encuentroinformativo.com.mx\/index.php?rest_route=\/wp\/v2\/posts"}],"about":[{"href":"https:\/\/encuentroinformativo.com.mx\/index.php?rest_route=\/wp\/v2\/types\/post"}],"author":[{"embeddable":true,"href":"https:\/\/encuentroinformativo.com.mx\/index.php?rest_route=\/wp\/v2\/users\/1"}],"replies":[{"embeddable":true,"href":"https:\/\/encuentroinformativo.com.mx\/index.php?rest_route=%2Fwp%2Fv2%2Fcomments&post=30236"}],"version-history":[{"count":1,"href":"https:\/\/encuentroinformativo.com.mx\/index.php?rest_route=\/wp\/v2\/posts\/30236\/revisions"}],"predecessor-version":[{"id":30238,"href":"https:\/\/encuentroinformativo.com.mx\/index.php?rest_route=\/wp\/v2\/posts\/30236\/revisions\/30238"}],"wp:featuredmedia":[{"embeddable":true,"href":"https:\/\/encuentroinformativo.com.mx\/index.php?rest_route=\/wp\/v2\/media\/30237"}],"wp:attachment":[{"href":"https:\/\/encuentroinformativo.com.mx\/index.php?rest_route=%2Fwp%2Fv2%2Fmedia&parent=30236"}],"wp:term":[{"taxonomy":"category","embeddable":true,"href":"https:\/\/encuentroinformativo.com.mx\/index.php?rest_route=%2Fwp%2Fv2%2Fcategories&post=30236"},{"taxonomy":"post_tag","embeddable":true,"href":"https:\/\/encuentroinformativo.com.mx\/index.php?rest_route=%2Fwp%2Fv2%2Ftags&post=30236"}],"curies":[{"name":"wp","href":"https:\/\/api.w.org\/{rel}","templated":true}]}}