{"id":30248,"date":"2022-08-05T10:59:23","date_gmt":"2022-08-05T15:59:23","guid":{"rendered":"https:\/\/encuentroinformativo.com.mx\/?p=30248"},"modified":"2022-08-05T10:59:27","modified_gmt":"2022-08-05T15:59:27","slug":"panistas-y-nahle","status":"publish","type":"post","link":"https:\/\/encuentroinformativo.com.mx\/?p=30248","title":{"rendered":"Panistas y Nahle"},"content":{"rendered":"\n<p><strong>Los Pol\u00edticos\u00a0<\/strong><\/p>\n\n\n\n<p><strong>Salvador Mu\u00f1oz<\/strong><\/p>\n\n\n\n<p>En estos momentos, el PAN requiere de sentarse, respirar hondo y plantearse realmente lo que quiere: retomar la ruta para incrementar la confianza que en 2018 el pueblo les concedi\u00f3; volverse publicistas \u201cde a grapas\u201d de Roc\u00edo Nahle; o juzgar como \u201ctraidores a la Patria\u201d (as\u00ed, como lo que tanto odian) a los diputados que votaron a favor de la armonizaci\u00f3n, reformas o \u201cvestido a la medida\u201d que recientemente el Congreso local aprob\u00f3\u2026 en el peor de los casos, atender las dos \u00faltimas opciones\u2026<\/p>\n\n\n\n<p>Es innegable que hoy por hoy, Nahle llam\u00f3 la atenci\u00f3n del respetable, fuera para bien o para mal, pero m\u00ednimo, ya la conocen un poco m\u00e1s. Un moreno que no acepte que la se\u00f1ora Nahle es poco conocida la entidad no ayuda a las pretensiones que desde hace m\u00e1s de un sexenio, viene trabajando la ahora secretaria de Energ\u00eda, sea por Motu Proprio, sea por un proyecto visualizado por AMLO.<\/p>\n\n\n\n<p>All\u00e1 por el 2016, ya siendo diputada federal, Roc\u00edo Nahle se acerc\u00f3 al OPLE para hacer consulta y su caso fue llevado ante el Tribunal Electoral Veracruzano quien dict\u00f3 sentencia conforme al 116 de la Constituci\u00f3n federal en el apartado que dice: \u201cS\u00f3lo podr\u00e1 ser gobernador constitucional de un Estado un ciudadano mexicano por nacimiento y nativo de \u00e9l, o con residencia efectiva no menor de cinco a\u00f1os inmediatamente anteriores al d\u00eda de los comicios, y tener 30 a\u00f1os cumplidos el d\u00eda de la elecci\u00f3n, o menos, si as\u00ed lo establece la Constituci\u00f3n Pol\u00edtica de la Entidad Federativa\u201d y en pocas palabras, en ese entonces, le estaban diciendo que s\u00ed pod\u00eda ser candidata a la Gubernatura.<\/p>\n\n\n\n<p><strong>II<\/strong><\/p>\n\n\n\n<p>\u00a1Veracruz para los veracruzanos! \u00bfPodemos hablar de \u201cxenofobia regional\u201d o estrategia pol\u00edtica?<\/p>\n\n\n\n<p>A estas alturas del partido, creo que pudiera ser la primera encaminada a generar la segunda\u2026 digo, si a AMLO le ha funcionado, \u00bfpor qu\u00e9 no al panismo? \u00a1A lo mejor pegar\u00eda m\u00e1s si Nahle fuera poblana! (no s\u00e9 qu\u00e9 broncas haya de Veracruz con los poblanos a los que tildan de Pipopes\u2026 \u00bfo es a nivel nacional esa animadversi\u00f3n al poblano?)<\/p>\n\n\n\n<p>Por cierto, el diputado federal Carlos Valenzuela es nativo de Puebla y no pasa nada\u2026 tuvimos a un Fiscal nativo de Oaxaca, y tampoco pas\u00f3 nada (bueno, s\u00ed, pas\u00f3 mucho, pero no por su origen)&#8230; por ah\u00ed tenemos a dos magistrados, una chilanga y otro de Chiapas, y sigue sin pasar nada\u2026 \u00bfqu\u00e9 pasa? Que la mayor\u00eda de los citados han hecho su vida en Veracruz y cr\u00e9anme que es seguro que su amor por esta tierra sea m\u00e1s fuerte que donde dejaron el cord\u00f3n umbilical enterrado\u2026<\/p>\n\n\n\n<p>Ahora, ve\u00e1moslo del otro lado: de un modo u otro, el mismo Bola 8 hizo su carrera pol\u00edtica en Baja California y ya vino a conquistar Veracruz; Alejandro G\u00f3mez Cazar\u00edn, hermano del Jucopo veracruzano, es un fuerte activo pol\u00edtico en Campeche y ya encarrerados con la Ley Nahle, en una de \u00e9sas, hasta podr\u00eda ser candidato\u2026 y no se diga del orizabe\u00f1o Mauricio Kuri triunfando en Quer\u00e9taro\u2026<\/p>\n\n\n\n<p>Entonces, el \u201cVeracruz para los veracruzanos\u201d parece m\u00e1s una estrategia pol\u00edtica que si pega, \u00a1aguas! estar\u00edamos hablando de una \u201cxenofobia regional\u201d que en su justa dimensi\u00f3n, es lo que AMLO hace dividiendo y sacando lo peor de las personas: sus miedos, el clasismo, la discriminacion, y parad\u00f3jico ser\u00eda que ahora todo esto viniera de quienes hablan de la \u201cdignidad de la persona\u201d.<\/p>\n\n\n\n<p><strong>III<\/strong><\/p>\n\n\n\n<p>Por cierto, anuncia Marko Cort\u00e9s una acci\u00f3n de inconstitucionalidad que parece m\u00e1s destinada al show que realmente a defender \u201cel derecho\u201d de los veracruzanos a tener gobernador o gobernadora de Veracruz.<\/p>\n\n\n\n<p>Adem\u00e1s, amenaza a Nora Jessica y Oth\u00f3n Hern\u00e1ndez Candanedo (Hugo Gonz\u00e1lez Saavedra se cuece aparte por no estar adherido al partido) con la \u201cexpulsaci\u00f3n\u201d aunque aqu\u00ed hay dos detalles:<\/p>\n\n\n\n<p>Uno, de todos conocido\u2026 el voto en el Congreso local por parte de los partidos, es corporativo por lo que dif\u00edcilmente hay autonom\u00eda, libre albedr\u00edo, criterio propio en cada uno de nuestros diputados\u2026<\/p>\n\n\n\n<p>Dos, pero si acaso ocurriera lo contrario, si un Diputado votara en contra a lo que la mayor\u00eda de su bancada hace, la misma Constituci\u00f3n federal lo ampara: Art\u00edculo 61 de la Constituci\u00f3n federal dice que \u201cLos diputados y senadores son inviolables por las opiniones que manifiesten en el desempe\u00f1o de sus cargos, y jam\u00e1s podr\u00e1n ser reconvenidos por ellas\u201d&#8230; El voto es parte de esa expresi\u00f3n.<\/p>\n\n\n\n<p>Al final, la residencia m\u00e1s efectiva que se puede tener, es cuando sabes de las necesidades de tu entorno, cuando te involucras en las problem\u00e1ticas de la sociedad, cuando te conocen y te identifican como alguien que hace algo por sus vecinos\u2026 lo que da pie para dos comentarios finales:<\/p>\n\n\n\n<p>Caso local) Miguel \u00c1ngel Yunes M\u00e1rquez, pretendiendo ser candidato a la alcald\u00eda jarocha, quiz\u00e1s s\u00ed estaba involucrado en el entorno pero no cumpli\u00f3 la Ley, entre que no ten\u00eda residencia efectiva y porque anduvo de vacaciones\u2026<\/p>\n\n\n\n<p>Caso \u201cexterno\u201d) Y Roc\u00edo Nahle puede que cumpla la Ley\u2026 \u00bfpero les parece que est\u00e9 involucrada con las necesidades de los veracruzanos\u2026? en lo que a m\u00ed respecta, no\u2026<\/p>\n\n\n\n<p><a href=\"mailto:smcainito@gmail.com\" target=\"_blank\" rel=\"noreferrer noopener\">smcainito@gmail.com<\/a><\/p>\n","protected":false},"excerpt":{"rendered":"<p>Los Pol\u00edticos\u00a0 Salvador Mu\u00f1oz En estos momentos, el PAN requiere de sentarse, respirar hondo y plantearse realmente lo que quiere: retomar la ruta para incrementar la confianza que en 2018 el pueblo les concedi\u00f3; volverse publicistas \u201cde a grapas\u201d de Roc\u00edo Nahle; o juzgar como \u201ctraidores a la Patria\u201d (as\u00ed, como lo que tanto odian) [&hellip;]<\/p>\n","protected":false},"author":1,"featured_media":387,"comment_status":"open","ping_status":"open","sticky":false,"template":"","format":"standard","meta":{"_jetpack_memberships_contains_paid_content":false,"footnotes":""},"categories":[11],"tags":[],"class_list":["post-30248","post","type-post","status-publish","format-standard","has-post-thumbnail","hentry","category-opinion"],"jetpack_featured_media_url":"https:\/\/encuentroinformativo.com.mx\/wp-content\/uploads\/2020\/03\/7CF8A22B-2764-47BE-8F7F-38FE9E5D6A2F.jpeg","jetpack_sharing_enabled":true,"jetpack_likes_enabled":true,"amp_enabled":true,"_links":{"self":[{"href":"https:\/\/encuentroinformativo.com.mx\/index.php?rest_route=\/wp\/v2\/posts\/30248","targetHints":{"allow":["GET"]}}],"collection":[{"href":"https:\/\/encuentroinformativo.com.mx\/index.php?rest_route=\/wp\/v2\/posts"}],"about":[{"href":"https:\/\/encuentroinformativo.com.mx\/index.php?rest_route=\/wp\/v2\/types\/post"}],"author":[{"embeddable":true,"href":"https:\/\/encuentroinformativo.com.mx\/index.php?rest_route=\/wp\/v2\/users\/1"}],"replies":[{"embeddable":true,"href":"https:\/\/encuentroinformativo.com.mx\/index.php?rest_route=%2Fwp%2Fv2%2Fcomments&post=30248"}],"version-history":[{"count":1,"href":"https:\/\/encuentroinformativo.com.mx\/index.php?rest_route=\/wp\/v2\/posts\/30248\/revisions"}],"predecessor-version":[{"id":30249,"href":"https:\/\/encuentroinformativo.com.mx\/index.php?rest_route=\/wp\/v2\/posts\/30248\/revisions\/30249"}],"wp:featuredmedia":[{"embeddable":true,"href":"https:\/\/encuentroinformativo.com.mx\/index.php?rest_route=\/wp\/v2\/media\/387"}],"wp:attachment":[{"href":"https:\/\/encuentroinformativo.com.mx\/index.php?rest_route=%2Fwp%2Fv2%2Fmedia&parent=30248"}],"wp:term":[{"taxonomy":"category","embeddable":true,"href":"https:\/\/encuentroinformativo.com.mx\/index.php?rest_route=%2Fwp%2Fv2%2Fcategories&post=30248"},{"taxonomy":"post_tag","embeddable":true,"href":"https:\/\/encuentroinformativo.com.mx\/index.php?rest_route=%2Fwp%2Fv2%2Ftags&post=30248"}],"curies":[{"name":"wp","href":"https:\/\/api.w.org\/{rel}","templated":true}]}}