{"id":30253,"date":"2022-08-05T14:25:25","date_gmt":"2022-08-05T19:25:25","guid":{"rendered":"https:\/\/encuentroinformativo.com.mx\/?p=30253"},"modified":"2022-08-05T14:25:28","modified_gmt":"2022-08-05T19:25:28","slug":"celebran-veda-de-cuencas-la-antigua-y-actopan","status":"publish","type":"post","link":"https:\/\/encuentroinformativo.com.mx\/?p=30253","title":{"rendered":"Celebran veda de cuencas La Antigua y Actopan"},"content":{"rendered":"\n<p><strong>Juan Arcos<\/strong><\/p>\n\n\n\n<p>Xalapa, Ver.- Miembros del colectivo Pueblos Unidos de la Cuenca Antigua por los R\u00edos Libres celebraron la sentencia y el decreto donde se restablece la veda a las cuencas La Antigua y Actopan.<\/p>\n\n\n\n<p>Reci\u00e9n celebraron una Asamblea Comunitaria por el Agua, donde se expuso que no se pueden reasignar concesiones en los r\u00edos.<\/p>\n\n\n\n<p>Tras una batalla jur\u00eddica, los pobladores lograron que se echara abajo el decreto que levant\u00f3 la veda a dichos afluentes en el 2018, cuando era presidente de la Rep\u00fablica Mexicana, Enrique Pe\u00f1a Nieto.<\/p>\n\n\n\n<p>De acuerdo con Javier Martinez Esponda, director operativo del Centro Mexicano de Derecho Ambiental, en su momento se present\u00f3 una demanda de amparo que atendi\u00f3 el Juzgado D\u00e9cimo Octavo del Poder Judicial de la Federaci\u00f3n, quien realiz\u00f3 un an\u00e1lisis profundo y resolvi\u00f3 a favor de los pueblos.<\/p>\n\n\n\n<p>&#8220;Tuvimos el honor de trabajar con ellos cuando empez\u00f3 la amenaza de la presa en 2013 pero luego vino la batalla de 2018, cuando Enrique pe\u00f1a anunci\u00f3 18 decretos en donde se estableci\u00f3 se levantaban vedas y uno de ellos se refer\u00eda a la cuenca del Actopan y La Antigua\u201d, expres\u00f3.<\/p>\n\n\n\n<p>Los habitantes consideraron que el levantamiento de la veda represent\u00f3 una clara violaci\u00f3n a los derechos ambientales de las comunidades; sin embargo, el Juzgado determin\u00f3 inconstitucional el decreto y esta decisi\u00f3n fue confirmada por un Tribunal Colegiado.<\/p>\n\n\n\n<p>&#8220;Estamos en el proceso de Ejecuci\u00f3n de la sentencia y la reparaci\u00f3n es que vuelva a entrar en vigor la veda. Hoy vamos a entregar en la asamblea la sentencia y el decreto. Hace una semana Conagua y la presidencia decret\u00f3 que la veda del 2018 quedaba sin efecto y se restableci\u00f3 la veda\u201d, enfatiz\u00f3 el activista.<\/p>\n\n\n\n<p>Cabe destacar que este determinaci\u00f3n judicial que restablece la veda proh\u00edbe la extracci\u00f3n del agua en dichas cuencas y los proyectos hidroel\u00e9ctricos.<\/p>\n","protected":false},"excerpt":{"rendered":"<p>Juan Arcos Xalapa, Ver.- Miembros del colectivo Pueblos Unidos de la Cuenca Antigua por los R\u00edos Libres celebraron la sentencia y el decreto donde se restablece la veda a las cuencas La Antigua y Actopan. Reci\u00e9n celebraron una Asamblea Comunitaria por el Agua, donde se expuso que no se pueden reasignar concesiones en los r\u00edos. [&hellip;]<\/p>\n","protected":false},"author":1,"featured_media":30254,"comment_status":"open","ping_status":"open","sticky":false,"template":"","format":"standard","meta":{"_jetpack_memberships_contains_paid_content":false,"footnotes":""},"categories":[2],"tags":[],"class_list":["post-30253","post","type-post","status-publish","format-standard","has-post-thumbnail","hentry","category-estado"],"jetpack_featured_media_url":"https:\/\/encuentroinformativo.com.mx\/wp-content\/uploads\/2022\/08\/35718C3A-81B1-46A6-A268-B2512FA622D9.jpeg","jetpack_sharing_enabled":true,"jetpack_likes_enabled":true,"amp_enabled":true,"_links":{"self":[{"href":"https:\/\/encuentroinformativo.com.mx\/index.php?rest_route=\/wp\/v2\/posts\/30253","targetHints":{"allow":["GET"]}}],"collection":[{"href":"https:\/\/encuentroinformativo.com.mx\/index.php?rest_route=\/wp\/v2\/posts"}],"about":[{"href":"https:\/\/encuentroinformativo.com.mx\/index.php?rest_route=\/wp\/v2\/types\/post"}],"author":[{"embeddable":true,"href":"https:\/\/encuentroinformativo.com.mx\/index.php?rest_route=\/wp\/v2\/users\/1"}],"replies":[{"embeddable":true,"href":"https:\/\/encuentroinformativo.com.mx\/index.php?rest_route=%2Fwp%2Fv2%2Fcomments&post=30253"}],"version-history":[{"count":1,"href":"https:\/\/encuentroinformativo.com.mx\/index.php?rest_route=\/wp\/v2\/posts\/30253\/revisions"}],"predecessor-version":[{"id":30255,"href":"https:\/\/encuentroinformativo.com.mx\/index.php?rest_route=\/wp\/v2\/posts\/30253\/revisions\/30255"}],"wp:featuredmedia":[{"embeddable":true,"href":"https:\/\/encuentroinformativo.com.mx\/index.php?rest_route=\/wp\/v2\/media\/30254"}],"wp:attachment":[{"href":"https:\/\/encuentroinformativo.com.mx\/index.php?rest_route=%2Fwp%2Fv2%2Fmedia&parent=30253"}],"wp:term":[{"taxonomy":"category","embeddable":true,"href":"https:\/\/encuentroinformativo.com.mx\/index.php?rest_route=%2Fwp%2Fv2%2Fcategories&post=30253"},{"taxonomy":"post_tag","embeddable":true,"href":"https:\/\/encuentroinformativo.com.mx\/index.php?rest_route=%2Fwp%2Fv2%2Ftags&post=30253"}],"curies":[{"name":"wp","href":"https:\/\/api.w.org\/{rel}","templated":true}]}}