{"id":30258,"date":"2022-08-05T14:54:45","date_gmt":"2022-08-05T19:54:45","guid":{"rendered":"https:\/\/encuentroinformativo.com.mx\/?p=30258"},"modified":"2022-08-05T14:54:49","modified_gmt":"2022-08-05T19:54:49","slug":"buscan-denominacion-de-pueblo-magico-para-teocelo","status":"publish","type":"post","link":"https:\/\/encuentroinformativo.com.mx\/?p=30258","title":{"rendered":"Buscan denominaci\u00f3n de Pueblo M\u00e1gico para Teocelo"},"content":{"rendered":"\n<p><strong>Dar\u00edo Pale <\/strong><\/p>\n\n\n\n<p>Xalapa, Ver.- El presidente municipal de Teocelo, Isaac Alberto Anell Reyes dio a conocer que, contin\u00faa buscando ser Pueblo M\u00e1gico y buscan que sus tradiciones sean declaradas patrimonio cultural intangible.<\/p>\n\n\n\n<p>En entrevista se\u00f1al\u00f3 que buscan enriquecer m\u00e1s al municipio de forma cultural y que Veracruz al igual que el pa\u00eds conozcan la riqueza cultural que hay en dicho municipio, principalmente en el 480 aniversario de las fiestas de la Asunci\u00f3n de Nuestra Se\u00f1ora.<\/p>\n\n\n\n<p>Est\u00e1n armando el expediente para buscar la categor\u00eda de Pueblo M\u00e1gico y est\u00e1 a la espera que que se abra la convocar\u00eda para enviar todo a la documentaci\u00f3n requerida ya que se cuentan con muchas cosas como son riquezas gastron\u00f3micas, culturales y art\u00edsticas.<\/p>\n\n\n\n<p>Adem\u00e1s de que cumplen con todos los requisitos y ya se han reunido con los comerciantes del centro hist\u00f3rico y los prestadores de servicio para mejorar la atenci\u00f3n de los clientes y mejorar la imagen de sus negocios para que no existan pretextos para que les otorguen la denominaci\u00f3n de Pueblo M\u00e1gico.<\/p>\n\n\n\n<p>Este a\u00f1o se cumplen 480 a\u00f1os de las fiestas de la Asunci\u00f3n y es el 142 aniversario del arco floral y buscan que se les reconozca como patrimonio cultural intangible, ya que si actualmente muchos municipios tienen sus arcos florales son reflejo de lo que se hace en Teocelo.<\/p>\n\n\n\n<p>Record\u00f3 que el palacio municipal el pasado 17 de febrero cumpli\u00f3 su primer centenario \u00a0por lo que le est\u00e1n terminando de dar mantenimiento y esperan que pronto puedan regresar a trabajar en dicho inmueble.<\/p>\n\n\n\n<p><strong>Laudos Pendientes <\/strong><\/p>\n\n\n\n<p>En otro orden de ideas en cuanto a los adeudos que dej\u00f3 la pasada administraci\u00f3n se\u00f1al\u00f3 que afortunadamente ya terminaron de pagar los adeudos ante el SAT, ya les regresaron algunas propiedades ya que adeudaban casi 9 millones.<\/p>\n\n\n\n<p>Se\u00f1al\u00f3 que el pr\u00f3ximo lunes van a llegar a un acuerdo por los laudos que tiene pendiente ya que no quieren tener deudas o puntos negativos, tambi\u00e9n se\u00f1al\u00f3 que en el alumbrado p\u00fablico ya que de las 1244 que tienen en todo el municipio hab\u00edan m\u00e1s de 500 fundidas, ya llevan un avance del 70 por ciento por lo que en dos meses aproximadamente ya tendr\u00e1n listo todas las l\u00e1mparas.<\/p>\n\n\n\n<p>Dio a conocer que hace dos d\u00edas sesionaron para aprobar la ley que Reforma la Constituci\u00f3n, y el d\u00eda de ayer por la ma\u00f1ana enviaron el acta de Cabildo de la aprobaci\u00f3n.<\/p>\n\n\n\n<p>Finamente dio a conocer que est\u00e1n trabajando en las escritura del palacio municipal ya que no existen ya que hace como 200 o 300 a\u00f1os fue donado ya que anteriormente ah\u00ed estaban unos portales y solo hicieron una donaci\u00f3n del terreno.<\/p>\n","protected":false},"excerpt":{"rendered":"<p>Dar\u00edo Pale Xalapa, Ver.- El presidente municipal de Teocelo, Isaac Alberto Anell Reyes dio a conocer que, contin\u00faa buscando ser Pueblo M\u00e1gico y buscan que sus tradiciones sean declaradas patrimonio cultural intangible. En entrevista se\u00f1al\u00f3 que buscan enriquecer m\u00e1s al municipio de forma cultural y que Veracruz al igual que el pa\u00eds conozcan la riqueza [&hellip;]<\/p>\n","protected":false},"author":1,"featured_media":30257,"comment_status":"open","ping_status":"open","sticky":false,"template":"","format":"standard","meta":{"_jetpack_memberships_contains_paid_content":false,"footnotes":""},"categories":[8],"tags":[],"class_list":["post-30258","post","type-post","status-publish","format-standard","has-post-thumbnail","hentry","category-region"],"jetpack_featured_media_url":"https:\/\/encuentroinformativo.com.mx\/wp-content\/uploads\/2022\/08\/84609D7B-DD8B-4EED-A50A-4BB57A190F98.jpeg","jetpack_sharing_enabled":true,"jetpack_likes_enabled":true,"amp_enabled":true,"_links":{"self":[{"href":"https:\/\/encuentroinformativo.com.mx\/index.php?rest_route=\/wp\/v2\/posts\/30258","targetHints":{"allow":["GET"]}}],"collection":[{"href":"https:\/\/encuentroinformativo.com.mx\/index.php?rest_route=\/wp\/v2\/posts"}],"about":[{"href":"https:\/\/encuentroinformativo.com.mx\/index.php?rest_route=\/wp\/v2\/types\/post"}],"author":[{"embeddable":true,"href":"https:\/\/encuentroinformativo.com.mx\/index.php?rest_route=\/wp\/v2\/users\/1"}],"replies":[{"embeddable":true,"href":"https:\/\/encuentroinformativo.com.mx\/index.php?rest_route=%2Fwp%2Fv2%2Fcomments&post=30258"}],"version-history":[{"count":1,"href":"https:\/\/encuentroinformativo.com.mx\/index.php?rest_route=\/wp\/v2\/posts\/30258\/revisions"}],"predecessor-version":[{"id":30259,"href":"https:\/\/encuentroinformativo.com.mx\/index.php?rest_route=\/wp\/v2\/posts\/30258\/revisions\/30259"}],"wp:featuredmedia":[{"embeddable":true,"href":"https:\/\/encuentroinformativo.com.mx\/index.php?rest_route=\/wp\/v2\/media\/30257"}],"wp:attachment":[{"href":"https:\/\/encuentroinformativo.com.mx\/index.php?rest_route=%2Fwp%2Fv2%2Fmedia&parent=30258"}],"wp:term":[{"taxonomy":"category","embeddable":true,"href":"https:\/\/encuentroinformativo.com.mx\/index.php?rest_route=%2Fwp%2Fv2%2Fcategories&post=30258"},{"taxonomy":"post_tag","embeddable":true,"href":"https:\/\/encuentroinformativo.com.mx\/index.php?rest_route=%2Fwp%2Fv2%2Ftags&post=30258"}],"curies":[{"name":"wp","href":"https:\/\/api.w.org\/{rel}","templated":true}]}}