{"id":30260,"date":"2022-08-05T19:17:07","date_gmt":"2022-08-06T00:17:07","guid":{"rendered":"https:\/\/encuentroinformativo.com.mx\/?p=30260"},"modified":"2022-08-05T19:17:12","modified_gmt":"2022-08-06T00:17:12","slug":"detienen-a-presunto-pederasta-de-tlapacoyan","status":"publish","type":"post","link":"https:\/\/encuentroinformativo.com.mx\/?p=30260","title":{"rendered":"Detienen a presunto pederasta de Tlapacoyan"},"content":{"rendered":"\n<p><strong>Alejandro \u00c1vila<\/strong><\/p>\n\n\n\n<p>Tlapacoyan, Ver.- La ma\u00f1ana de este viernes fue detenido un sujeto qu\u00e9 es acusado de presunta pederastia en el municipio de Tlapacoyan.<\/p>\n\n\n\n<p>La Polic\u00eda Ministerial dio cumplimiento a una orden de aprehensi\u00f3n en contra de un sujeto de oficio campesino, los hechos se registraron en la carretera federal Tlapacoyan &#8211; Mart\u00ednez de la Torre, a la altura de la localidad La Palmilla.<\/p>\n\n\n\n<p>El detenido de nombre Bartolom\u00e9 P.R. de 56 a\u00f1os de edad y de oficio campesino, tiene domicilio en la localidad El Jobo, d\u00f3nde es habr\u00eda cometido el delito de presunto abuso sexual en contra de menores de edad.<\/p>\n\n\n\n<p>La denuncia qued\u00f3 asentada en la carpeta de investigaci\u00f3n FGE\/PM\/TPC\/819\/202, d\u00f3nde se tiene el testimonio de una agraviada, aunque se menciona que podr\u00eda haber m\u00e1s v\u00edctimas, por lo que Los afectados pueden aportar m\u00e1s datos la investigaci\u00f3n.<\/p>\n\n\n\n<p>Los elementos de la Polic\u00eda Ministerial custodiaron al presunto pederasta hacia la Ciudad Judicial de Jalancingo, donde habr\u00e1 de enfrentar su presunta responsabilidad y la autoridad competente determinar\u00e1 su situaci\u00f3n legal.<\/p>\n","protected":false},"excerpt":{"rendered":"<p>Alejandro \u00c1vila Tlapacoyan, Ver.- La ma\u00f1ana de este viernes fue detenido un sujeto qu\u00e9 es acusado de presunta pederastia en el municipio de Tlapacoyan. La Polic\u00eda Ministerial dio cumplimiento a una orden de aprehensi\u00f3n en contra de un sujeto de oficio campesino, los hechos se registraron en la carretera federal Tlapacoyan &#8211; Mart\u00ednez de la [&hellip;]<\/p>\n","protected":false},"author":1,"featured_media":30261,"comment_status":"open","ping_status":"open","sticky":false,"template":"","format":"standard","meta":{"_jetpack_memberships_contains_paid_content":false,"footnotes":""},"categories":[14],"tags":[],"class_list":["post-30260","post","type-post","status-publish","format-standard","has-post-thumbnail","hentry","category-policiaca"],"jetpack_featured_media_url":"https:\/\/encuentroinformativo.com.mx\/wp-content\/uploads\/2022\/08\/0D7C2049-458D-4883-ACCF-21DC196210EB.jpeg","jetpack_sharing_enabled":true,"jetpack_likes_enabled":true,"amp_enabled":true,"_links":{"self":[{"href":"https:\/\/encuentroinformativo.com.mx\/index.php?rest_route=\/wp\/v2\/posts\/30260","targetHints":{"allow":["GET"]}}],"collection":[{"href":"https:\/\/encuentroinformativo.com.mx\/index.php?rest_route=\/wp\/v2\/posts"}],"about":[{"href":"https:\/\/encuentroinformativo.com.mx\/index.php?rest_route=\/wp\/v2\/types\/post"}],"author":[{"embeddable":true,"href":"https:\/\/encuentroinformativo.com.mx\/index.php?rest_route=\/wp\/v2\/users\/1"}],"replies":[{"embeddable":true,"href":"https:\/\/encuentroinformativo.com.mx\/index.php?rest_route=%2Fwp%2Fv2%2Fcomments&post=30260"}],"version-history":[{"count":1,"href":"https:\/\/encuentroinformativo.com.mx\/index.php?rest_route=\/wp\/v2\/posts\/30260\/revisions"}],"predecessor-version":[{"id":30262,"href":"https:\/\/encuentroinformativo.com.mx\/index.php?rest_route=\/wp\/v2\/posts\/30260\/revisions\/30262"}],"wp:featuredmedia":[{"embeddable":true,"href":"https:\/\/encuentroinformativo.com.mx\/index.php?rest_route=\/wp\/v2\/media\/30261"}],"wp:attachment":[{"href":"https:\/\/encuentroinformativo.com.mx\/index.php?rest_route=%2Fwp%2Fv2%2Fmedia&parent=30260"}],"wp:term":[{"taxonomy":"category","embeddable":true,"href":"https:\/\/encuentroinformativo.com.mx\/index.php?rest_route=%2Fwp%2Fv2%2Fcategories&post=30260"},{"taxonomy":"post_tag","embeddable":true,"href":"https:\/\/encuentroinformativo.com.mx\/index.php?rest_route=%2Fwp%2Fv2%2Ftags&post=30260"}],"curies":[{"name":"wp","href":"https:\/\/api.w.org\/{rel}","templated":true}]}}