{"id":30266,"date":"2022-08-05T19:24:54","date_gmt":"2022-08-06T00:24:54","guid":{"rendered":"https:\/\/encuentroinformativo.com.mx\/?p=30266"},"modified":"2022-08-05T19:24:58","modified_gmt":"2022-08-06T00:24:58","slug":"denuncian-a-presuntos-elementos-de-ssp-por-robo","status":"publish","type":"post","link":"https:\/\/encuentroinformativo.com.mx\/?p=30266","title":{"rendered":"Denuncian a presuntos elementos de SSP por robo"},"content":{"rendered":"\n<p><strong>Alejandro \u00c1vila<\/strong><\/p>\n\n\n\n<p>Veracruz, Ver.- En redes sociales un comerciante denunci\u00f3 que el pasado domingo 31 de julio uno de sus empleados fue privado de la libertad por presuntos elementos de la Polic\u00eda Estatal, adem\u00e1s de que hurtaron objetos de su negocio.<\/p>\n\n\n\n<p>Se trata de un lavado de autos situado en calles del fraccionamiento Lomas de R\u00edo Medio 4, hasta donde arribaron tres patrullas identificadas con los n\u00fameros econ\u00f3micos 3038, 3477 y 3466.<\/p>\n\n\n\n<p>Repentinamente, sometieron a su empleado identificado como Luis &#8220;N&#8221;, El cual se encontraba lavando la camioneta de un cliente, para posteriormente meterse a revisar todas las instalaciones sin motivo ni orden de cateo.<\/p>\n\n\n\n<p>De la caja registradora extrajeron aproximadamente mil pesos en efectivo, dos tel\u00e9fonos celulares, adem\u00e1s de que quitaron las c\u00e1maras de seguridad y destruyeron el m\u00f3dem que los provee de internet.<\/p>\n\n\n\n<p>No conformes, los uniformados todav\u00eda se llevaron por la fuerza al trabajador a bordo de una de las patrullas, por lo cual vecinos fueron quienes le informaron de lo sucedido, ya que lo mantuvieron incomunicado.<\/p>\n\n\n\n<p>El comerciante sali\u00f3 a buscarlo a las distintas comandancias situadas en la conurbaci\u00f3n, as\u00ed como las fiscal\u00edas, pero en ning\u00fan lugar le dieron alg\u00fan dato sobre su paradero, por lo que no sabe d\u00f3nde lo tuvieron.<\/p>\n\n\n\n<p>Fue hasta el pasado martes cuando finalmente Luis &#8220;N&#8221; regres\u00f3 por su propia cuenta, pero cabe se\u00f1alar que lo regresaron todo golpeado, por lo que denunci\u00f3 p\u00fablicamente estos abusos policiales.<\/p>\n","protected":false},"excerpt":{"rendered":"<p>Alejandro \u00c1vila Veracruz, Ver.- En redes sociales un comerciante denunci\u00f3 que el pasado domingo 31 de julio uno de sus empleados fue privado de la libertad por presuntos elementos de la Polic\u00eda Estatal, adem\u00e1s de que hurtaron objetos de su negocio. Se trata de un lavado de autos situado en calles del fraccionamiento Lomas de [&hellip;]<\/p>\n","protected":false},"author":1,"featured_media":30267,"comment_status":"open","ping_status":"open","sticky":false,"template":"","format":"standard","meta":{"_jetpack_memberships_contains_paid_content":false,"footnotes":""},"categories":[2],"tags":[],"class_list":["post-30266","post","type-post","status-publish","format-standard","has-post-thumbnail","hentry","category-estado"],"jetpack_featured_media_url":"https:\/\/encuentroinformativo.com.mx\/wp-content\/uploads\/2022\/08\/214AA0F4-B976-4902-8C78-A7419B2D4DFF.jpeg","jetpack_sharing_enabled":true,"jetpack_likes_enabled":true,"amp_enabled":true,"_links":{"self":[{"href":"https:\/\/encuentroinformativo.com.mx\/index.php?rest_route=\/wp\/v2\/posts\/30266","targetHints":{"allow":["GET"]}}],"collection":[{"href":"https:\/\/encuentroinformativo.com.mx\/index.php?rest_route=\/wp\/v2\/posts"}],"about":[{"href":"https:\/\/encuentroinformativo.com.mx\/index.php?rest_route=\/wp\/v2\/types\/post"}],"author":[{"embeddable":true,"href":"https:\/\/encuentroinformativo.com.mx\/index.php?rest_route=\/wp\/v2\/users\/1"}],"replies":[{"embeddable":true,"href":"https:\/\/encuentroinformativo.com.mx\/index.php?rest_route=%2Fwp%2Fv2%2Fcomments&post=30266"}],"version-history":[{"count":1,"href":"https:\/\/encuentroinformativo.com.mx\/index.php?rest_route=\/wp\/v2\/posts\/30266\/revisions"}],"predecessor-version":[{"id":30268,"href":"https:\/\/encuentroinformativo.com.mx\/index.php?rest_route=\/wp\/v2\/posts\/30266\/revisions\/30268"}],"wp:featuredmedia":[{"embeddable":true,"href":"https:\/\/encuentroinformativo.com.mx\/index.php?rest_route=\/wp\/v2\/media\/30267"}],"wp:attachment":[{"href":"https:\/\/encuentroinformativo.com.mx\/index.php?rest_route=%2Fwp%2Fv2%2Fmedia&parent=30266"}],"wp:term":[{"taxonomy":"category","embeddable":true,"href":"https:\/\/encuentroinformativo.com.mx\/index.php?rest_route=%2Fwp%2Fv2%2Fcategories&post=30266"},{"taxonomy":"post_tag","embeddable":true,"href":"https:\/\/encuentroinformativo.com.mx\/index.php?rest_route=%2Fwp%2Fv2%2Ftags&post=30266"}],"curies":[{"name":"wp","href":"https:\/\/api.w.org\/{rel}","templated":true}]}}