{"id":3027,"date":"2020-06-02T22:27:55","date_gmt":"2020-06-03T03:27:55","guid":{"rendered":"https:\/\/encuentroinformativo.com\/?p=3027"},"modified":"2020-06-02T22:28:25","modified_gmt":"2020-06-03T03:28:25","slug":"veracruz-coatzacoalcos-y-poza-rica-con-mayores-casos-de-covid-19","status":"publish","type":"post","link":"https:\/\/encuentroinformativo.com.mx\/?p=3027","title":{"rendered":"Veracruz, Coatzacoalcos y Poza Rica con mayores casos de Covid-19"},"content":{"rendered":"\n<p><strong>Juan Arcos <\/strong><\/p>\n\n\n\n<p>Xalapa, Ver.- En Veracruz se registraron 301 nuevos casos positivos de Covid-19, durante las \u00faltimas 24 horas.<\/p>\n\n\n\n<p>La cifra pas\u00f3 de 4 mil ocho casos positivos acumulados en 137 demarcaciones y 633 activos, contabilizados hasta la noche del lunes, a 4 mil 309 en 140 demarcaciones y 729 activos.<\/p>\n\n\n\n<p>Las defunciones tambi\u00e9n incrementaron de 558 a 602, es decir, 44 personas fallecieron en el \u00faltimo d\u00eda por dicho virus.<\/p>\n\n\n\n<p>En ese sentido, el secretario de Salud, Roberto Ramos Alor, indic\u00f3 que, en una reuni\u00f3n del Comit\u00e9 Tecnico de Salud, celebrada la tarde del martes, se acord\u00f3 hacer una recomendaci\u00f3n al gobierno del estado y a los ayuntamientos para que este fin de semana las medidas de movilidad sean m\u00e1s restrictivas en las zonas de mayor contagio.<\/p>\n\n\n\n<p>El funcionario estatal refiri\u00f3 que dicha situaci\u00f3n deber\u00e1 aplicarse en las conurbaciones del Puerto de Veracruz, Coatzacoalcos y Poza Rica.<\/p>\n\n\n\n<p>Record\u00f3 que en dichos puntos del estado es donde se concentra el 80 por ciento de los casos de Covid-19.<\/p>\n\n\n\n<p>Cabe recordar que en Veracruz hay mil 646 casos positivos; en Coatzacoalcos 505; y en Poza Rica 338.<\/p>\n\n\n\n<p>En la entidad han sido estudiados 9 mil 105 casos, de los cuales 3 mil 463 resultaron negativos.<\/p>\n\n\n\n<p>Adem\u00e1s, mil 333 casos sospechosos de 95 municipios contin\u00faan en investigaci\u00f3n.<br>La jefa de Epidemiolog\u00eda de la Secretar\u00eda de Salud, Dulce Mar\u00eda Espejo Guevara, pidi\u00f3 a la ciudadano que permanezca en casa para que disminuyan los contagios en la entidad.<\/p>\n\n\n\n<p><\/p>\n","protected":false},"excerpt":{"rendered":"<p>Juan Arcos Xalapa, Ver.- En Veracruz se registraron 301 nuevos casos positivos de Covid-19, durante las \u00faltimas 24 horas. La cifra pas\u00f3 de 4 mil ocho casos positivos acumulados en 137 demarcaciones y 633 activos, contabilizados hasta la noche del lunes, a 4 mil 309 en 140 demarcaciones y 729 activos. Las defunciones tambi\u00e9n incrementaron [&hellip;]<\/p>\n","protected":false},"author":1,"featured_media":3028,"comment_status":"open","ping_status":"open","sticky":false,"template":"","format":"standard","meta":{"_jetpack_memberships_contains_paid_content":false,"footnotes":""},"categories":[2],"tags":[],"class_list":["post-3027","post","type-post","status-publish","format-standard","has-post-thumbnail","hentry","category-estado"],"jetpack_featured_media_url":"https:\/\/encuentroinformativo.com.mx\/wp-content\/uploads\/2020\/06\/21929C9B-027E-4BEC-8AB3-123678D28A92.png","jetpack_sharing_enabled":true,"jetpack_likes_enabled":true,"amp_enabled":true,"_links":{"self":[{"href":"https:\/\/encuentroinformativo.com.mx\/index.php?rest_route=\/wp\/v2\/posts\/3027","targetHints":{"allow":["GET"]}}],"collection":[{"href":"https:\/\/encuentroinformativo.com.mx\/index.php?rest_route=\/wp\/v2\/posts"}],"about":[{"href":"https:\/\/encuentroinformativo.com.mx\/index.php?rest_route=\/wp\/v2\/types\/post"}],"author":[{"embeddable":true,"href":"https:\/\/encuentroinformativo.com.mx\/index.php?rest_route=\/wp\/v2\/users\/1"}],"replies":[{"embeddable":true,"href":"https:\/\/encuentroinformativo.com.mx\/index.php?rest_route=%2Fwp%2Fv2%2Fcomments&post=3027"}],"version-history":[{"count":1,"href":"https:\/\/encuentroinformativo.com.mx\/index.php?rest_route=\/wp\/v2\/posts\/3027\/revisions"}],"predecessor-version":[{"id":3029,"href":"https:\/\/encuentroinformativo.com.mx\/index.php?rest_route=\/wp\/v2\/posts\/3027\/revisions\/3029"}],"wp:featuredmedia":[{"embeddable":true,"href":"https:\/\/encuentroinformativo.com.mx\/index.php?rest_route=\/wp\/v2\/media\/3028"}],"wp:attachment":[{"href":"https:\/\/encuentroinformativo.com.mx\/index.php?rest_route=%2Fwp%2Fv2%2Fmedia&parent=3027"}],"wp:term":[{"taxonomy":"category","embeddable":true,"href":"https:\/\/encuentroinformativo.com.mx\/index.php?rest_route=%2Fwp%2Fv2%2Fcategories&post=3027"},{"taxonomy":"post_tag","embeddable":true,"href":"https:\/\/encuentroinformativo.com.mx\/index.php?rest_route=%2Fwp%2Fv2%2Ftags&post=3027"}],"curies":[{"name":"wp","href":"https:\/\/api.w.org\/{rel}","templated":true}]}}