{"id":30275,"date":"2022-08-06T13:30:36","date_gmt":"2022-08-06T18:30:36","guid":{"rendered":"https:\/\/encuentroinformativo.com.mx\/?p=30275"},"modified":"2022-08-06T13:30:41","modified_gmt":"2022-08-06T18:30:41","slug":"reconoce-sedema-baja-respuesta-a-convocatoria-de-proyecto-ambiental","status":"publish","type":"post","link":"https:\/\/encuentroinformativo.com.mx\/?p=30275","title":{"rendered":"Reconoce SEDEMA baja respuesta a convocatoria de Proyecto Ambiental"},"content":{"rendered":"\n<p><strong>Dar\u00edo Pale<\/strong><\/p>\n\n\n\n<p>Xalapa, Ver.- El titular de la Secretar\u00eda de Medio Ambiente (SEDEMA), Juan Carlos contreras Bautista, dio a conocer que el estado otorgar\u00e1 hasta 500 mil pesos como parte de los Proyectos para el Fomento Ambiental 2022 dirigido a municipios, instituciones educativas y Personas F\u00edsicas.<\/p>\n\n\n\n<p>En entrevista se\u00f1al\u00f3 que, la convocatoria ha tenido poca respuesta, a tres d\u00edas de que venza el plazo, la SEDEMA s\u00f3lo tiene \u00a0registrados 15 proyectos.<\/p>\n\n\n\n<p>&#8220;Estamos a tiempo de que puedan participar todas las personas f\u00edsicas, municipios e instituciones p\u00fablicas a la convocatoria en el Proyecto Ambiental 2022 que es una convocatoria para darle seguimiento al extinto Fondo Ambiental Veracruzano&#8221;, se\u00f1al\u00f3.<\/p>\n\n\n\n<p>Los proyectos deben seguir alguna de las tres l\u00edneas estrat\u00e9gicas, como la conservaci\u00f3n, restauraci\u00f3n y pr\u00e1cticas sustentables por lo que pueden ir desde el planteamiento para el saneamiento de r\u00edos hasta proyectos para viveros.<\/p>\n\n\n\n<p>La fecha l\u00edmite de recepci\u00f3n es el lunes 8 de agosto, la SEDEMA conf\u00eda en que se sumen m\u00e1s proyectos para aprovechar los recursos de lo que antes se conoc\u00eda como el Fondo Ambiental Veracruzano.<\/p>\n\n\n\n<p>La publicaci\u00f3n de los resultados de los proyectos seleccionados ser\u00e1 el 12 de agosto de 2022 en redes sociales oficiales y p\u00e1gina web de SEDEMA.<\/p>\n\n\n\n<p>Finalmente coment\u00f3 que los detalles de la convocatoria se encuentran en el siguiente enlace:\u00a0<a rel=\"noreferrer noopener\" href=\"http:\/\/www.veracruz.gob.mx\/medioambiente\/convocatoria-2022\/\" target=\"_blank\">http:\/\/www.veracruz.gob.mx\/medioambiente\/convocatoria-2022\/<\/a>.<\/p>\n","protected":false},"excerpt":{"rendered":"<p>Dar\u00edo Pale Xalapa, Ver.- El titular de la Secretar\u00eda de Medio Ambiente (SEDEMA), Juan Carlos contreras Bautista, dio a conocer que el estado otorgar\u00e1 hasta 500 mil pesos como parte de los Proyectos para el Fomento Ambiental 2022 dirigido a municipios, instituciones educativas y Personas F\u00edsicas. En entrevista se\u00f1al\u00f3 que, la convocatoria ha tenido poca [&hellip;]<\/p>\n","protected":false},"author":1,"featured_media":16501,"comment_status":"open","ping_status":"open","sticky":false,"template":"","format":"standard","meta":{"_jetpack_memberships_contains_paid_content":false,"footnotes":""},"categories":[2],"tags":[],"class_list":["post-30275","post","type-post","status-publish","format-standard","has-post-thumbnail","hentry","category-estado"],"jetpack_featured_media_url":"https:\/\/encuentroinformativo.com.mx\/wp-content\/uploads\/2021\/07\/CB37F8F5-BB33-41C8-B591-F470135BABAD.jpeg","jetpack_sharing_enabled":true,"jetpack_likes_enabled":true,"amp_enabled":true,"_links":{"self":[{"href":"https:\/\/encuentroinformativo.com.mx\/index.php?rest_route=\/wp\/v2\/posts\/30275","targetHints":{"allow":["GET"]}}],"collection":[{"href":"https:\/\/encuentroinformativo.com.mx\/index.php?rest_route=\/wp\/v2\/posts"}],"about":[{"href":"https:\/\/encuentroinformativo.com.mx\/index.php?rest_route=\/wp\/v2\/types\/post"}],"author":[{"embeddable":true,"href":"https:\/\/encuentroinformativo.com.mx\/index.php?rest_route=\/wp\/v2\/users\/1"}],"replies":[{"embeddable":true,"href":"https:\/\/encuentroinformativo.com.mx\/index.php?rest_route=%2Fwp%2Fv2%2Fcomments&post=30275"}],"version-history":[{"count":1,"href":"https:\/\/encuentroinformativo.com.mx\/index.php?rest_route=\/wp\/v2\/posts\/30275\/revisions"}],"predecessor-version":[{"id":30276,"href":"https:\/\/encuentroinformativo.com.mx\/index.php?rest_route=\/wp\/v2\/posts\/30275\/revisions\/30276"}],"wp:featuredmedia":[{"embeddable":true,"href":"https:\/\/encuentroinformativo.com.mx\/index.php?rest_route=\/wp\/v2\/media\/16501"}],"wp:attachment":[{"href":"https:\/\/encuentroinformativo.com.mx\/index.php?rest_route=%2Fwp%2Fv2%2Fmedia&parent=30275"}],"wp:term":[{"taxonomy":"category","embeddable":true,"href":"https:\/\/encuentroinformativo.com.mx\/index.php?rest_route=%2Fwp%2Fv2%2Fcategories&post=30275"},{"taxonomy":"post_tag","embeddable":true,"href":"https:\/\/encuentroinformativo.com.mx\/index.php?rest_route=%2Fwp%2Fv2%2Ftags&post=30275"}],"curies":[{"name":"wp","href":"https:\/\/api.w.org\/{rel}","templated":true}]}}