{"id":30280,"date":"2022-08-06T13:40:52","date_gmt":"2022-08-06T18:40:52","guid":{"rendered":"https:\/\/encuentroinformativo.com.mx\/?p=30280"},"modified":"2022-08-06T13:40:56","modified_gmt":"2022-08-06T18:40:56","slug":"estudiantes-denuncian-a-universidad-privada-tras-no-recibir-titulos","status":"publish","type":"post","link":"https:\/\/encuentroinformativo.com.mx\/?p=30280","title":{"rendered":"Estudiantes denuncian a universidad privada, tras no recibir t\u00edtulos"},"content":{"rendered":"\n<p><strong>Alejandro \u00c1vila<\/strong><\/p>\n\n\n\n<p>Medell\u00edn de Bravo, Ver.- Estudiantes de la primera generaci\u00f3n de la maestr\u00eda de&nbsp; Administraci\u00f3n de los Servicios de Salud, se manifestaron la tarde de este viernes a las afueras de la Universidad de Oriente (UO), pues acusan que, llevan m\u00e1s de dos a\u00f1os luchando por que les entreguen sus t\u00edtulos.<\/p>\n\n\n\n<p>Los quejosos aseguran que, el \u00e1rea administrativa de la universidad privada solo les da largas, y se excusaron durante la pandemia, para se\u00f1alar fallas en el sistema y evitar agilizar los tr\u00e1mites.<\/p>\n\n\n\n<p>&#8220;Nos dan largas, ya son dos a\u00f1os, nosotros no tenemos ning\u00fan adeudo, todos pasamos con buenas calificaciones, siempre fuimos muy cumplidos, no hay ning\u00fan problema de esos, porque a los otros grupos les dicen qu\u00e9 los t\u00edtulos se atrasan un poco porque los alumnos no hacen las cosas como son, y no es cierto, nosotros siempre hicimos todo en tiempo y forma, no tenemos deudas, y ya tard\u00f3 m\u00e1s de 2 a\u00f1os en que nos den el t\u00edtulo, el l\u00edmite para la entrega de t\u00edtulos es un a\u00f1o y medio&#8221;, mencion\u00f3 uno de los afectados.&nbsp;<\/p>\n\n\n\n<p>Los ex estudiantes de la universidad privada reclaman que el personal administrativo ya no les contesta llamadas y mensajes, y esta situaci\u00f3n les afecta en sus centros de trabajo, pues algunos se encuentran tramitando ascensos, los cuales no han podido ser otorgados, por falta del t\u00edtulo que los valide.<\/p>\n\n\n\n<p>&#8220;Necesitamos y exigimos que el t\u00edtulo nos sea entregado ya, porque lo necesitamos para nuestras \u00e1reas de trabajo o para algunos otros tr\u00e1mites, nosotros no tenemos nada malo, nosotros hicimos todo bien desde el principio, qu\u00e9 se atraves\u00f3 la pandemia, s\u00ed lo entiendo, pero nosotros hicimos todo antes de la pandemia, y ahorita tras la pandemia todas las escuelas est\u00e1n generando t\u00edtulos, boletas, y ellos nada m\u00e1s se hacen pato&#8221;, remat\u00f3.<\/p>\n\n\n\n<figure class=\"wp-block-image size-large\"><img loading=\"lazy\" decoding=\"async\" width=\"1024\" height=\"768\" src=\"https:\/\/encuentroinformativo.com.mx\/wp-content\/uploads\/2022\/08\/9D84485E-36B2-4FAE-8F9F-3E081FE60582-1024x768.jpeg\" alt=\"\" class=\"wp-image-30282\" srcset=\"https:\/\/encuentroinformativo.com.mx\/wp-content\/uploads\/2022\/08\/9D84485E-36B2-4FAE-8F9F-3E081FE60582-1024x768.jpeg 1024w, https:\/\/encuentroinformativo.com.mx\/wp-content\/uploads\/2022\/08\/9D84485E-36B2-4FAE-8F9F-3E081FE60582-300x225.jpeg 300w, https:\/\/encuentroinformativo.com.mx\/wp-content\/uploads\/2022\/08\/9D84485E-36B2-4FAE-8F9F-3E081FE60582-768x576.jpeg 768w, https:\/\/encuentroinformativo.com.mx\/wp-content\/uploads\/2022\/08\/9D84485E-36B2-4FAE-8F9F-3E081FE60582-1536x1152.jpeg 1536w, https:\/\/encuentroinformativo.com.mx\/wp-content\/uploads\/2022\/08\/9D84485E-36B2-4FAE-8F9F-3E081FE60582.jpeg 1600w\" sizes=\"auto, (max-width: 1024px) 100vw, 1024px\" \/><\/figure>\n","protected":false},"excerpt":{"rendered":"<p>Alejandro \u00c1vila Medell\u00edn de Bravo, Ver.- Estudiantes de la primera generaci\u00f3n de la maestr\u00eda de&nbsp; Administraci\u00f3n de los Servicios de Salud, se manifestaron la tarde de este viernes a las afueras de la Universidad de Oriente (UO), pues acusan que, llevan m\u00e1s de dos a\u00f1os luchando por que les entreguen sus t\u00edtulos. Los quejosos aseguran [&hellip;]<\/p>\n","protected":false},"author":1,"featured_media":30281,"comment_status":"open","ping_status":"open","sticky":false,"template":"","format":"standard","meta":{"_jetpack_memberships_contains_paid_content":false,"footnotes":""},"categories":[2],"tags":[],"class_list":["post-30280","post","type-post","status-publish","format-standard","has-post-thumbnail","hentry","category-estado"],"jetpack_featured_media_url":"https:\/\/encuentroinformativo.com.mx\/wp-content\/uploads\/2022\/08\/E8AB54F1-AE0D-405C-AE89-29800A344688.jpeg","jetpack_sharing_enabled":true,"jetpack_likes_enabled":true,"amp_enabled":true,"_links":{"self":[{"href":"https:\/\/encuentroinformativo.com.mx\/index.php?rest_route=\/wp\/v2\/posts\/30280","targetHints":{"allow":["GET"]}}],"collection":[{"href":"https:\/\/encuentroinformativo.com.mx\/index.php?rest_route=\/wp\/v2\/posts"}],"about":[{"href":"https:\/\/encuentroinformativo.com.mx\/index.php?rest_route=\/wp\/v2\/types\/post"}],"author":[{"embeddable":true,"href":"https:\/\/encuentroinformativo.com.mx\/index.php?rest_route=\/wp\/v2\/users\/1"}],"replies":[{"embeddable":true,"href":"https:\/\/encuentroinformativo.com.mx\/index.php?rest_route=%2Fwp%2Fv2%2Fcomments&post=30280"}],"version-history":[{"count":1,"href":"https:\/\/encuentroinformativo.com.mx\/index.php?rest_route=\/wp\/v2\/posts\/30280\/revisions"}],"predecessor-version":[{"id":30283,"href":"https:\/\/encuentroinformativo.com.mx\/index.php?rest_route=\/wp\/v2\/posts\/30280\/revisions\/30283"}],"wp:featuredmedia":[{"embeddable":true,"href":"https:\/\/encuentroinformativo.com.mx\/index.php?rest_route=\/wp\/v2\/media\/30281"}],"wp:attachment":[{"href":"https:\/\/encuentroinformativo.com.mx\/index.php?rest_route=%2Fwp%2Fv2%2Fmedia&parent=30280"}],"wp:term":[{"taxonomy":"category","embeddable":true,"href":"https:\/\/encuentroinformativo.com.mx\/index.php?rest_route=%2Fwp%2Fv2%2Fcategories&post=30280"},{"taxonomy":"post_tag","embeddable":true,"href":"https:\/\/encuentroinformativo.com.mx\/index.php?rest_route=%2Fwp%2Fv2%2Ftags&post=30280"}],"curies":[{"name":"wp","href":"https:\/\/api.w.org\/{rel}","templated":true}]}}