{"id":30296,"date":"2022-08-07T14:06:33","date_gmt":"2022-08-07T19:06:33","guid":{"rendered":"https:\/\/encuentroinformativo.com.mx\/?p=30296"},"modified":"2022-08-07T14:06:38","modified_gmt":"2022-08-07T19:06:38","slug":"que-mundo-es-el-que-conoces","status":"publish","type":"post","link":"https:\/\/encuentroinformativo.com.mx\/?p=30296","title":{"rendered":"\u00bfQu\u00e9 mundo es el que conoces?"},"content":{"rendered":"\n<p><strong>Columna de Opini\u00f3n <\/strong><\/p>\n\n\n\n<p><strong>Zaira Rosas<\/strong><\/p>\n\n\n\n<p>Hay un antiguo refr\u00e1n que dice \u201ccada quien habla como le va en la feria\u201d,\u00a0estamos viviendo una situaci\u00f3n global que abre el panorama a m\u00faltiples perspectivas y opiniones. Las organizaciones de cultos que anta\u00f1o sol\u00edan ser respetadas por sus v\u00ednculos con Dios hoy en d\u00eda se han vuelto instituciones cuyo poder no asusta a los gobiernos. La sociedad comienza a despertar, las mayor\u00edas han dejado de considerarse inferiores y saben el poder que tienen para decidir sobre el futuro de la naci\u00f3n. La inflaci\u00f3n y el cambio clim\u00e1tico son fen\u00f3menos globales que sin embargo afectan a los que menor responsabilidad tienen en estos hechos.\u00a0<\/p>\n\n\n\n<p>Ante m\u00faltiples panoramas llegan tambi\u00e9n diversos puntos de vista. Podemos hablar del tema m\u00e1s com\u00fan: los conservadores o la izquierda, un tema que se est\u00e1 expandiendo no s\u00f3lo en M\u00e9xico sino tambi\u00e9n en Am\u00e9rica Latina, lo cual no es casualidad, pues despu\u00e9s de a\u00f1os bajo gobiernos donde el capitalismo era el sistema preponderante, las mayor\u00edas han elegido escuchar a las propuestas distintas, esas que prometen ver primero por todos los pobres, aunque en los resultados algunos podr\u00edan considerar que las crisis que enfrentamos son consecuencia de un mal gobierno.&nbsp;<\/p>\n\n\n\n<p>M\u00e9xico ha aumentado \u00edndices de pobreza, de inseguridad, probablemente pronto se incrementen los Estados que tengan que hacer frente a las sequ\u00edas y ni hablar del aprovechamiento escolar, si bien podr\u00edamos hablar de las estad\u00edsticas en comparaci\u00f3n con otros gobiernos, la realidad es que nuestro pa\u00eds al igual que otros est\u00e1 enfrentando un deterioro que responde no s\u00f3lo a las decisiones del interior, sino de todo el mundo. Sin duda en este como en otros gobiernos se han presentado m\u00faltiples errores, pero tambi\u00e9n hay aciertos, todo depender\u00e1 bajo qu\u00e9 \u00f3ptica hagamos el an\u00e1lisis.&nbsp;<\/p>\n\n\n\n<p>Si bien el crecimiento econ\u00f3mico no ha sido el mejor y ahora nos vemos en la necesidad de implementar una \u201cpobreza franciscana\u201d lo cierto es que por primera vez el sur del pa\u00eds ha recibido mayor atenci\u00f3n, se ha buscado frenar el movimiento constante de quienes buscan mejores oportunidades en el norte, desarrollando nuevos espacios de empleo y crecimiento.&nbsp;<\/p>\n\n\n\n<p>Hay propuestas como los programas de \u201cj\u00f3venes construyendo el futuro\u201d que en teor\u00eda son sumamente buenas, el problema es que en la pr\u00e1ctica las ideas de grandes dirigentes no se aplican igual&nbsp;mediante el com\u00fan de los empleados. La rectitud y honestidad que tanto se menciona como estandartes de la transformaci\u00f3n no son valores que se compartan en todos los niveles. Pero esa visi\u00f3n depende de quien narra la historia.&nbsp;<\/p>\n\n\n\n<p>Cuando fue la colonizaci\u00f3n de nuestra naci\u00f3n hay quien pudo hablar de un avance y desarrollo para los pueblos, pero tambi\u00e9n estaba la visi\u00f3n de los vencidos, la perspectiva de quienes fueron obligados a dejar su cultura y poner en segundo plano las ra\u00edces que hoy nos brindan un M\u00e9xico plural y cargado de historia.<\/p>\n\n\n\n<p>Lo mismo ocurre en la actualidad, si hablamos con empresarios dir\u00e1n que el crecimiento del pa\u00eds depende del aporte que el gobierno pueda hacer a sus negocios. Las organizaciones civiles en busca de desaparecidos tendr\u00e1n justa raz\u00f3n en se\u00f1alar la negligencia de autoridades donde sus casos sin importar cu\u00e1n medi\u00e1ticos sean a\u00fan siguen sin respuesta.&nbsp;<\/p>\n\n\n\n<p>Para identificar realmente cu\u00e1l es la situaci\u00f3n del pa\u00eds hemos de incentivar el di\u00e1logo, cruzar panoramas y perspectivas para poder decidir cu\u00e1l es el mejor camino de M\u00e9xico. S\u00f3lo porque el privilegio nos libre de padecer ciertos sucesos no significa que estos no est\u00e9n ocurriendo. El panorama queda m\u00e1s claro cuando escuchamos a todos los actores involucrados cuyas perspectivas son reales, pero son \u00fanicamente una parcialidad de todo el entorno.&nbsp;<\/p>\n\n\n\n<p>Estamos pr\u00f3ximos a nuevos cambios y retos, para poder ser resilientes es necesario comenzar a visualizarnos como entes globales, entendiendo que nuestra realidad es una fracci\u00f3n del mundo y aprendiendo a sumar la visi\u00f3n de otros. S\u00f3lo mediante un di\u00e1logo real podremos superar las crisis que de momento cada d\u00eda avanzan m\u00e1s.<\/p>\n","protected":false},"excerpt":{"rendered":"<p>Columna de Opini\u00f3n Zaira Rosas Hay un antiguo refr\u00e1n que dice \u201ccada quien habla como le va en la feria\u201d,\u00a0estamos viviendo una situaci\u00f3n global que abre el panorama a m\u00faltiples perspectivas y opiniones. Las organizaciones de cultos que anta\u00f1o sol\u00edan ser respetadas por sus v\u00ednculos con Dios hoy en d\u00eda se han vuelto instituciones cuyo [&hellip;]<\/p>\n","protected":false},"author":1,"featured_media":387,"comment_status":"open","ping_status":"open","sticky":false,"template":"","format":"standard","meta":{"_jetpack_memberships_contains_paid_content":false,"footnotes":""},"categories":[11],"tags":[],"class_list":["post-30296","post","type-post","status-publish","format-standard","has-post-thumbnail","hentry","category-opinion"],"jetpack_featured_media_url":"https:\/\/encuentroinformativo.com.mx\/wp-content\/uploads\/2020\/03\/7CF8A22B-2764-47BE-8F7F-38FE9E5D6A2F.jpeg","jetpack_sharing_enabled":true,"jetpack_likes_enabled":true,"amp_enabled":true,"_links":{"self":[{"href":"https:\/\/encuentroinformativo.com.mx\/index.php?rest_route=\/wp\/v2\/posts\/30296","targetHints":{"allow":["GET"]}}],"collection":[{"href":"https:\/\/encuentroinformativo.com.mx\/index.php?rest_route=\/wp\/v2\/posts"}],"about":[{"href":"https:\/\/encuentroinformativo.com.mx\/index.php?rest_route=\/wp\/v2\/types\/post"}],"author":[{"embeddable":true,"href":"https:\/\/encuentroinformativo.com.mx\/index.php?rest_route=\/wp\/v2\/users\/1"}],"replies":[{"embeddable":true,"href":"https:\/\/encuentroinformativo.com.mx\/index.php?rest_route=%2Fwp%2Fv2%2Fcomments&post=30296"}],"version-history":[{"count":1,"href":"https:\/\/encuentroinformativo.com.mx\/index.php?rest_route=\/wp\/v2\/posts\/30296\/revisions"}],"predecessor-version":[{"id":30297,"href":"https:\/\/encuentroinformativo.com.mx\/index.php?rest_route=\/wp\/v2\/posts\/30296\/revisions\/30297"}],"wp:featuredmedia":[{"embeddable":true,"href":"https:\/\/encuentroinformativo.com.mx\/index.php?rest_route=\/wp\/v2\/media\/387"}],"wp:attachment":[{"href":"https:\/\/encuentroinformativo.com.mx\/index.php?rest_route=%2Fwp%2Fv2%2Fmedia&parent=30296"}],"wp:term":[{"taxonomy":"category","embeddable":true,"href":"https:\/\/encuentroinformativo.com.mx\/index.php?rest_route=%2Fwp%2Fv2%2Fcategories&post=30296"},{"taxonomy":"post_tag","embeddable":true,"href":"https:\/\/encuentroinformativo.com.mx\/index.php?rest_route=%2Fwp%2Fv2%2Ftags&post=30296"}],"curies":[{"name":"wp","href":"https:\/\/api.w.org\/{rel}","templated":true}]}}