{"id":30298,"date":"2022-08-07T14:19:47","date_gmt":"2022-08-07T19:19:47","guid":{"rendered":"https:\/\/encuentroinformativo.com.mx\/?p=30298"},"modified":"2022-08-07T14:19:54","modified_gmt":"2022-08-07T19:19:54","slug":"por-covid-55-pastores-han-fallecido-en-veracruz","status":"publish","type":"post","link":"https:\/\/encuentroinformativo.com.mx\/?p=30298","title":{"rendered":"Por COVID, 55 pastores han fallecido en Veracruz"},"content":{"rendered":"\n<p><strong>Juan Arcos<\/strong><\/p>\n\n\n\n<p>Xalapa, Ver.- Un total de 55 pastores de la comunidad evang\u00e9lica fallecieron a causa del Sars-Cov2 (Covid-19) en diversos municipios del estado de Veracruz.<\/p>\n\n\n\n<p>De acuerdo con el presidente del Ministerio Millones de Biblias para el Mundo, Jos\u00e9 Luis Silva L\u00f3pez, solo en el puerto de Veracruz han muerto cinco personas por el motivo mencionado.<\/p>\n\n\n\n<p>\u201cS\u00ed, murieron 55 pastores en el estado y aqu\u00ed cinco en el Puerto de Veracruz, feligreses tambi\u00e9n murieron y otros se apartaron\u201d, detall\u00f3.<\/p>\n\n\n\n<p>El entrevistado reconoci\u00f3 que durante la pandemia no se suspendieron algunas actividades, ni cuando el sem\u00e1foro epidemiol\u00f3gico se encontraba en color rojo, de riesgo m\u00e1ximo de contagio.<\/p>\n\n\n\n<p>Sin embargo, destac\u00f3 que se redujo el aforo a un 50 por ciento en su iglesia, ubicada en el parque Ciriaco V\u00e1zquez, en el centro de la ciudad de Veracruz, frente a la exf\u00e1brica tabacalera y a dos cuadras del Z\u00f3calo del puerto jarocho.<\/p>\n\n\n\n<p>\u201cNosotros seguimos trabajando, nosotros no hemos parado en las calles, nosotros seguimos en plena pandemia, en pleno sem\u00e1foro rojo, cuando estaba sitiado el parque seguimos con la caravana de oraci\u00f3n\u201d, enfatiz\u00f3.<\/p>\n\n\n\n<p>La iglesia evang\u00e9lica est\u00e1 retomando todas sus actividades, debido a que han disminuido los contagios de coronavirus.<\/p>\n","protected":false},"excerpt":{"rendered":"<p>Juan Arcos Xalapa, Ver.- Un total de 55 pastores de la comunidad evang\u00e9lica fallecieron a causa del Sars-Cov2 (Covid-19) en diversos municipios del estado de Veracruz. De acuerdo con el presidente del Ministerio Millones de Biblias para el Mundo, Jos\u00e9 Luis Silva L\u00f3pez, solo en el puerto de Veracruz han muerto cinco personas por el [&hellip;]<\/p>\n","protected":false},"author":1,"featured_media":30299,"comment_status":"open","ping_status":"open","sticky":false,"template":"","format":"standard","meta":{"_jetpack_memberships_contains_paid_content":false,"footnotes":""},"categories":[9],"tags":[],"class_list":["post-30298","post","type-post","status-publish","format-standard","has-post-thumbnail","hentry","category-salud"],"jetpack_featured_media_url":"https:\/\/encuentroinformativo.com.mx\/wp-content\/uploads\/2022\/08\/56E434B1-2726-4942-B1CC-CBD5364312C7.jpeg","jetpack_sharing_enabled":true,"jetpack_likes_enabled":true,"amp_enabled":true,"_links":{"self":[{"href":"https:\/\/encuentroinformativo.com.mx\/index.php?rest_route=\/wp\/v2\/posts\/30298","targetHints":{"allow":["GET"]}}],"collection":[{"href":"https:\/\/encuentroinformativo.com.mx\/index.php?rest_route=\/wp\/v2\/posts"}],"about":[{"href":"https:\/\/encuentroinformativo.com.mx\/index.php?rest_route=\/wp\/v2\/types\/post"}],"author":[{"embeddable":true,"href":"https:\/\/encuentroinformativo.com.mx\/index.php?rest_route=\/wp\/v2\/users\/1"}],"replies":[{"embeddable":true,"href":"https:\/\/encuentroinformativo.com.mx\/index.php?rest_route=%2Fwp%2Fv2%2Fcomments&post=30298"}],"version-history":[{"count":1,"href":"https:\/\/encuentroinformativo.com.mx\/index.php?rest_route=\/wp\/v2\/posts\/30298\/revisions"}],"predecessor-version":[{"id":30300,"href":"https:\/\/encuentroinformativo.com.mx\/index.php?rest_route=\/wp\/v2\/posts\/30298\/revisions\/30300"}],"wp:featuredmedia":[{"embeddable":true,"href":"https:\/\/encuentroinformativo.com.mx\/index.php?rest_route=\/wp\/v2\/media\/30299"}],"wp:attachment":[{"href":"https:\/\/encuentroinformativo.com.mx\/index.php?rest_route=%2Fwp%2Fv2%2Fmedia&parent=30298"}],"wp:term":[{"taxonomy":"category","embeddable":true,"href":"https:\/\/encuentroinformativo.com.mx\/index.php?rest_route=%2Fwp%2Fv2%2Fcategories&post=30298"},{"taxonomy":"post_tag","embeddable":true,"href":"https:\/\/encuentroinformativo.com.mx\/index.php?rest_route=%2Fwp%2Fv2%2Ftags&post=30298"}],"curies":[{"name":"wp","href":"https:\/\/api.w.org\/{rel}","templated":true}]}}