{"id":30301,"date":"2022-08-07T16:41:34","date_gmt":"2022-08-07T21:41:34","guid":{"rendered":"https:\/\/encuentroinformativo.com.mx\/?p=30301"},"modified":"2022-08-07T16:41:38","modified_gmt":"2022-08-07T21:41:38","slug":"gobierno-de-veracruz-fortalece-lazos-con-sheinbaum","status":"publish","type":"post","link":"https:\/\/encuentroinformativo.com.mx\/?p=30301","title":{"rendered":"Gobierno de Veracruz fortalece lazos con Sheinbaum"},"content":{"rendered":"\n<p>Xalapa, Ver.- Los gobiernos de Veracruz y de la Ciudad de M\u00e9xico (CDMX) coincidieron este d\u00eda en la <em>Ciudad de las Flores<\/em> para dar seguimiento al convenio en avances tecnol\u00f3gicos desarrollado desde la Agencia Digital de Innovaci\u00f3n P\u00fablica (ADIP), firmado en enero; a la invitaci\u00f3n al sitio del hallazgo de la pieza arqueol\u00f3gica <em>La Joven de Amajac<\/em>, as\u00ed como robustecer el intercambio cultural y tur\u00edstico entre ambas demarcaciones.<\/p>\n\n\n\n<p>En Sala de Banderas, el gobernador Cuitl\u00e1huac Garc\u00eda Jim\u00e9nez recibi\u00f3 a la Jefa de Gobierno de la CDMX, Claudia Sheinbaum Pardo, con el fin de abordar los avances en la digitalizaci\u00f3n y simplificaci\u00f3n de tr\u00e1mites, contribuyendo a la lucha contra la corrupci\u00f3n desde la Secretar\u00eda de Finanzas y Planeaci\u00f3n.<\/p>\n\n\n\n<p>En turismo, se contempla un convenio colaborativo, impulsando la visita de capitalinos a rutas espec\u00edficas mediante un gu\u00eda tur\u00edstico; como opciones, plantean los Pueblos M\u00e1gicos, la Ruta del Caf\u00e9, Tlacotalpan, Orizaba, las playas y \u00e1reas ecotur\u00edsticas en la entidad veracruzana.<\/p>\n\n\n\n<p>Al respecto, el Gobernador adelant\u00f3 que el 02 de septiembre inauguran en el Complejo Cultural Los Pinos, una presentaci\u00f3n permanente de los Voladores de Papantla, acompa\u00f1ada por una muestra artesanal y cultural. A trav\u00e9s del programa <em>Orgullo Veracruzano<\/em>, durante noviembre, con motivo del D\u00eda de Muertos se intercambiar\u00e1n catrinas, promoviendo a la CDMX en Veracruz y viceversa, a trav\u00e9s de los convenios con parabuses.<\/p>\n\n\n\n<p>La Jefa de Gobierno felicit\u00f3 al Ejecutivo estatal por los avances en materia de seguridad, comentando que en Veracruz se percibe un cambio radical entre 2017 y 2022, pues aunque es una tarea continua y \u201cseguir\u00e1n los problemas\u201d, hay un trabajo impresionante.<\/p>\n\n\n\n<p>Tambi\u00e9n, intercambiaron experiencias en educaci\u00f3n para garantizar la formaci\u00f3n desde el nivel b\u00e1sico hasta la universidad, la implementaci\u00f3n de programas de becas y desayunos escolares; sobre estrategias en programas sociales, abasto de agua potable y alternativas de movilidad, esta \u00faltima para brindar un servicio \u00e1gil de calidad que centre las pol\u00edticas p\u00fablicas en las personas.<\/p>\n\n\n\n<p>Por lo anterior, dej\u00f3 abierta la invitaci\u00f3n para que, en un mes, el mandatario estatal la acompa\u00f1e a la inauguraci\u00f3n del segundo piso de 8 kil\u00f3metros s\u00f3lo para (500) trolebuses en Iztapalapa, la alcald\u00eda m\u00e1s poblada, con 9.1 millones de habitantes, y con menos recursos.<\/p>\n\n\n\n<p>Sheinbaum Pardo visit\u00f3 el Museo de Antropolog\u00eda de Xalapa, donde en una ceremonia ancestral la alcaldesa de \u00c1lamo, Blanca Lilia Arrieta Pardo, entreg\u00f3 la invitaci\u00f3n para visitar la comunidad Hidalgo Amajac en la que fue encontrada la figura <em>La Joven de Amajac<\/em>, cuya r\u00e9plica, a cargo del Instituto Nacional de Antropolog\u00eda e Historia, sustituir\u00e1 a la estatua de Crist\u00f3bal Col\u00f3n en CDMX.<\/p>\n\n\n\n<p>El itinerario incluy\u00f3 la visita de la Jefa de Gobierno a Coatepec y Xico. De parte de la CDMX, participaron las secretarias de Turismo, Nathalie Veronique Desplas Puel; de Cultura, Claudia Stella Curiel de Icaza; el titular de la ADIP, Jos\u00e9 Antonio Pe\u00f1a Merino. De Veracruz, estuvieron los secretarios de Gobierno, Eric Cisneros Burgos; de Turismo, Iv\u00e1n Mart\u00ednez Olvera y la directora del Instituto Veracruzano de la Cultura, Silvia Alejandre Prado.<\/p>\n","protected":false},"excerpt":{"rendered":"<p>Xalapa, Ver.- Los gobiernos de Veracruz y de la Ciudad de M\u00e9xico (CDMX) coincidieron este d\u00eda en la Ciudad de las Flores para dar seguimiento al convenio en avances tecnol\u00f3gicos desarrollado desde la Agencia Digital de Innovaci\u00f3n P\u00fablica (ADIP), firmado en enero; a la invitaci\u00f3n al sitio del hallazgo de la pieza arqueol\u00f3gica La Joven [&hellip;]<\/p>\n","protected":false},"author":1,"featured_media":30302,"comment_status":"open","ping_status":"open","sticky":false,"template":"","format":"standard","meta":{"_jetpack_memberships_contains_paid_content":false,"footnotes":""},"categories":[2],"tags":[],"class_list":["post-30301","post","type-post","status-publish","format-standard","has-post-thumbnail","hentry","category-estado"],"jetpack_featured_media_url":"https:\/\/encuentroinformativo.com.mx\/wp-content\/uploads\/2022\/08\/9F6669F1-5F4E-4BF6-89C6-B938AB1525C3.jpeg","jetpack_sharing_enabled":true,"jetpack_likes_enabled":true,"amp_enabled":true,"_links":{"self":[{"href":"https:\/\/encuentroinformativo.com.mx\/index.php?rest_route=\/wp\/v2\/posts\/30301","targetHints":{"allow":["GET"]}}],"collection":[{"href":"https:\/\/encuentroinformativo.com.mx\/index.php?rest_route=\/wp\/v2\/posts"}],"about":[{"href":"https:\/\/encuentroinformativo.com.mx\/index.php?rest_route=\/wp\/v2\/types\/post"}],"author":[{"embeddable":true,"href":"https:\/\/encuentroinformativo.com.mx\/index.php?rest_route=\/wp\/v2\/users\/1"}],"replies":[{"embeddable":true,"href":"https:\/\/encuentroinformativo.com.mx\/index.php?rest_route=%2Fwp%2Fv2%2Fcomments&post=30301"}],"version-history":[{"count":1,"href":"https:\/\/encuentroinformativo.com.mx\/index.php?rest_route=\/wp\/v2\/posts\/30301\/revisions"}],"predecessor-version":[{"id":30303,"href":"https:\/\/encuentroinformativo.com.mx\/index.php?rest_route=\/wp\/v2\/posts\/30301\/revisions\/30303"}],"wp:featuredmedia":[{"embeddable":true,"href":"https:\/\/encuentroinformativo.com.mx\/index.php?rest_route=\/wp\/v2\/media\/30302"}],"wp:attachment":[{"href":"https:\/\/encuentroinformativo.com.mx\/index.php?rest_route=%2Fwp%2Fv2%2Fmedia&parent=30301"}],"wp:term":[{"taxonomy":"category","embeddable":true,"href":"https:\/\/encuentroinformativo.com.mx\/index.php?rest_route=%2Fwp%2Fv2%2Fcategories&post=30301"},{"taxonomy":"post_tag","embeddable":true,"href":"https:\/\/encuentroinformativo.com.mx\/index.php?rest_route=%2Fwp%2Fv2%2Ftags&post=30301"}],"curies":[{"name":"wp","href":"https:\/\/api.w.org\/{rel}","templated":true}]}}