{"id":30308,"date":"2022-08-08T09:24:16","date_gmt":"2022-08-08T14:24:16","guid":{"rendered":"https:\/\/encuentroinformativo.com.mx\/?p=30308"},"modified":"2022-08-08T09:24:20","modified_gmt":"2022-08-08T14:24:20","slug":"tengo-miedo","status":"publish","type":"post","link":"https:\/\/encuentroinformativo.com.mx\/?p=30308","title":{"rendered":"Tengo Miedo"},"content":{"rendered":"\n<p><strong>N\u00fameros Rojos<\/strong><\/p>\n\n\n\n<p><strong>Brenda Caballero<\/strong><\/p>\n\n\n\n<p>Viridiana cenaba con sus hijas en su domicilio antes de ir a dormir. Era abril de 2020, cuando Jes\u00fas, su ex pareja desde hace dos meses, lleg\u00f3 a su domicilio y entre insultos y reclamos le pidi\u00f3 ver su tel\u00e9fono. \u201c\u00bfCon qui\u00e9n te escribes?\u201d Le dijo, mientras se dirig\u00eda a la rec\u00e1mara para revisar el celular que se encontraba all\u00e1.<\/p>\n\n\n\n<p>Viridiana Bret\u00f3n Feito sinti\u00f3 que algo no estaba bien, pues nunca lo hab\u00eda visto as\u00ed. \u201cNo ten\u00eda aliento alcoh\u00f3lico pero s\u00ed una mirada rara. Les dije a mis hijas que nos fu\u00e9ramos y salimos de la casa. \u00c9l se subi\u00f3 a su camioneta y se nos emparej\u00f3, mientras me dec\u00eda: Quiero hablar contigo\u201d.<\/p>\n\n\n\n<p>\u201cLes dije a mis hijas que se adelantaran para avisarle al guardia del fraccionamiento. \u00c9l se baj\u00f3 y despu\u00e9s de m\u00e1s insultos y reclamos empez\u00f3 a golpearme. Mis hijas de entonces 14 y 18 a\u00f1os, al ver lo sucedido, regresaron para apoyarme, mientras \u00e9l se subi\u00f3 a su camioneta, la cual hasta trat\u00f3 de aventarme. Los vecinos salieron a auxiliarme. Mientras \u00e9l hu\u00eda, yo perd\u00ed el conocimiento\u201d.<\/p>\n\n\n\n<p>\u201cUno de mis vecinos que es m\u00e9dico traumat\u00f3logo, me revis\u00f3; me dijo que iba a necesitar unas placas y varios estudios ya que me dol\u00eda demasiado y se me ve\u00eda sumida toda el \u00e1rea del p\u00f3mulo, muy muy cerca del ojo, de la misma manera que la parte baja de las costillas\u201d.<\/p>\n\n\n\n<p>\u2013\u00bfEra violento durante su relaci\u00f3n? \u2013Le pregunto.<\/p>\n\n\n\n<p>\u2013No. Alguna vez me empuj\u00f3. Nos conoc\u00edamos desde ni\u00f1os, era primo de mis mejores amigos de la secundaria.<\/p>\n\n\n\n<p>Despu\u00e9s del suceso, Viridiana trat\u00f3 de comunicarse con la familia de Jes\u00fas por videollamada; sin embargo, no recibi\u00f3 apoyo.<\/p>\n\n\n\n<p>Al otro d\u00eda, Jes\u00fas le llam\u00f3 y le dijo que estaba arrepentido de todo lo que hab\u00eda pasado. Le pidi\u00f3 perd\u00f3n y tambi\u00e9n que se casara con \u00e9l.<\/p>\n\n\n\n<p>En 2020, ella era alcaldesa de Ixhuatl\u00e1n del Caf\u00e9. \u201cLo primero que me dijeron es que no denunciara, por el asunto medi\u00e1tico, pero \u00bfc\u00f3mo no denunciar, cuando has enfrentado a Javier Duarte? Me comuniqu\u00e9 con una diputada, la cual me apoy\u00f3 en todo momento al igual que la Fiscal, y present\u00e9 mi denuncia\u201d.<\/p>\n\n\n\n<p>Sin embargo, la orden de aprehensi\u00f3n tard\u00f3 como 15 d\u00edas en ser ejecutada y Jes\u00fas andaba cerca de su casa, como si nada hubiera pasado adem\u00e1s de que los mensajes de amenazas llegaban a su celular: \u201d\u00bfQu\u00e9 tal la golpiza?, \u00bfLo publicamos nosotros o t\u00fa?\u201d<\/p>\n\n\n\n<p>Fue hasta el 19 de junio de 2020 cuando la Fiscal\u00eda General de Justicia de la Ciudad de M\u00e9xico detuvo en Iztapalapa a Jes\u00fas por intento de feminicidio en contra de Viridiana. Fue trasladado a C\u00f3rdoba y de all\u00ed al penal de La Toma, en Amatl\u00e1n de los Reyes y posteriormente al penal de Poza Rica, donde permaneci\u00f3 hasta el pasado viernes, pues&nbsp; ante un amparo, el juez le concedi\u00f3 libertad condicional a Jes\u00fas y deber\u00e1 seguir su proceso en libertad. S\u00ed\u2026&nbsp; llevar\u00e1 su proceso en libertad a pesar de golpear brutalmente a Viridiana, a quien le rompi\u00f3 dos costillas y literalmente la cara. El argumento: medidas cautelares mal aplicadas, porque dice que no trataba de huir. Entonces \u00bfC\u00f3mo se debe entender que estaba en la ciudad de M\u00e9xico y hasta con un boleto listo para Italia?<\/p>\n\n\n\n<p>Ah, pero el estudio psicol\u00f3gico en el que se bas\u00f3 el juez, muestra a Jes\u00fas como una persona tranquila, no peligrosa. \u00bfY la golpiza brutal?<\/p>\n\n\n\n<p>La liberaci\u00f3n de Jes\u00fas sucede a tres d\u00edas de dictarle sentencia, pues este lunes a la una de la tarde, tiene audiencia para continuar con el proceso.<\/p>\n\n\n\n<p>Viridiana tiene muy presentes las palabras del juez en la sala de juicios orales cuando le dice que si est\u00e1 de acuerdo con la libertad condicional: \u201dYo no estoy de acuerdo\u201d. Y claro\u2026 \u00bfC\u00f3mo puedes estar de acuerdo con que liberen al hombre que intent\u00f3 matarte? Por ello coincido con Viridiana de responsabilizar al juez de lo que a ella le suceda posteriormente. \u00bfCu\u00e1ntos hombres dejan en libertad y despu\u00e9s se convierten en potenciales feminicidas? All\u00ed tenemos el caso de Greek.<\/p>\n\n\n\n<p>Viridiana me comenta que despu\u00e9s de su denuncia, varias mujeres se acercaron a ella para expresar haber sufrido violencia de parte de Jes\u00fas, sin embargo, no denunciaron.<\/p>\n\n\n\n<p>\u00bfTienes miedo? Le pregunto. \u201cS\u00ed, tengo miedo, por lo que pueda pasarme a m\u00ed y a mi familia y porque buscar\u00e1 vengarse de alguna forma\u201d&#8230;<\/p>\n\n\n\n<p>Twiter: @NumerosRojos_BC<\/p>\n\n\n\n<p><a href=\"mailto:caballero_brenda@hotmail.com\" target=\"_blank\" rel=\"noreferrer noopener\">caballero_brenda@hotmail.com<\/a><\/p>\n","protected":false},"excerpt":{"rendered":"<p>N\u00fameros Rojos Brenda Caballero Viridiana cenaba con sus hijas en su domicilio antes de ir a dormir. Era abril de 2020, cuando Jes\u00fas, su ex pareja desde hace dos meses, lleg\u00f3 a su domicilio y entre insultos y reclamos le pidi\u00f3 ver su tel\u00e9fono. \u201c\u00bfCon qui\u00e9n te escribes?\u201d Le dijo, mientras se dirig\u00eda a la [&hellip;]<\/p>\n","protected":false},"author":1,"featured_media":387,"comment_status":"open","ping_status":"open","sticky":false,"template":"","format":"standard","meta":{"_jetpack_memberships_contains_paid_content":false,"footnotes":""},"categories":[11],"tags":[],"class_list":["post-30308","post","type-post","status-publish","format-standard","has-post-thumbnail","hentry","category-opinion"],"jetpack_featured_media_url":"https:\/\/encuentroinformativo.com.mx\/wp-content\/uploads\/2020\/03\/7CF8A22B-2764-47BE-8F7F-38FE9E5D6A2F.jpeg","jetpack_sharing_enabled":true,"jetpack_likes_enabled":true,"amp_enabled":true,"_links":{"self":[{"href":"https:\/\/encuentroinformativo.com.mx\/index.php?rest_route=\/wp\/v2\/posts\/30308","targetHints":{"allow":["GET"]}}],"collection":[{"href":"https:\/\/encuentroinformativo.com.mx\/index.php?rest_route=\/wp\/v2\/posts"}],"about":[{"href":"https:\/\/encuentroinformativo.com.mx\/index.php?rest_route=\/wp\/v2\/types\/post"}],"author":[{"embeddable":true,"href":"https:\/\/encuentroinformativo.com.mx\/index.php?rest_route=\/wp\/v2\/users\/1"}],"replies":[{"embeddable":true,"href":"https:\/\/encuentroinformativo.com.mx\/index.php?rest_route=%2Fwp%2Fv2%2Fcomments&post=30308"}],"version-history":[{"count":1,"href":"https:\/\/encuentroinformativo.com.mx\/index.php?rest_route=\/wp\/v2\/posts\/30308\/revisions"}],"predecessor-version":[{"id":30309,"href":"https:\/\/encuentroinformativo.com.mx\/index.php?rest_route=\/wp\/v2\/posts\/30308\/revisions\/30309"}],"wp:featuredmedia":[{"embeddable":true,"href":"https:\/\/encuentroinformativo.com.mx\/index.php?rest_route=\/wp\/v2\/media\/387"}],"wp:attachment":[{"href":"https:\/\/encuentroinformativo.com.mx\/index.php?rest_route=%2Fwp%2Fv2%2Fmedia&parent=30308"}],"wp:term":[{"taxonomy":"category","embeddable":true,"href":"https:\/\/encuentroinformativo.com.mx\/index.php?rest_route=%2Fwp%2Fv2%2Fcategories&post=30308"},{"taxonomy":"post_tag","embeddable":true,"href":"https:\/\/encuentroinformativo.com.mx\/index.php?rest_route=%2Fwp%2Fv2%2Ftags&post=30308"}],"curies":[{"name":"wp","href":"https:\/\/api.w.org\/{rel}","templated":true}]}}