{"id":30316,"date":"2022-08-08T10:55:20","date_gmt":"2022-08-08T15:55:20","guid":{"rendered":"https:\/\/encuentroinformativo.com.mx\/?p=30316"},"modified":"2022-08-08T10:55:24","modified_gmt":"2022-08-08T15:55:24","slug":"a-pesar-de-embarazo-yesenia-n-no-tendran-prision-domiciliaria","status":"publish","type":"post","link":"https:\/\/encuentroinformativo.com.mx\/?p=30316","title":{"rendered":"A pesar de embarazo Yesenia &#8220;N&#8221; no tendr\u00e1n prisi\u00f3n domiciliaria"},"content":{"rendered":"\n<p><strong>Alejandro \u00c1vila<\/strong><\/p>\n\n\n\n<p>Veracruz, Ver.- A pesar de encontrarse en un estado avanzado de embarazo, la presunta culpable del homicidio de 7 personas en el municipio de Boca del R\u00edo, Yesenia &#8220;N&#8221;, no podr\u00e1 ser puesta en prisi\u00f3n domiciliaria, asegur\u00f3 la Jueza, Alma Aleida Sosa Jim\u00e9nez.<\/p>\n\n\n\n<p>Yesenia &#8220;N&#8221;, presunta responsable de homicidio doloso calificado en agravio de 7 personas el pasado 3 de julio, obtuvo este domingo, la medida cautelar de prisi\u00f3n preventiva oficiosa, por el tiempo que dure el proceso penal 679\/2022, d\u00f3nde tambi\u00e9n le fueron otorgados 4 meses de investigaci\u00f3n complementaria.<\/p>\n\n\n\n<p>&#8220;Hay un art\u00edculo en el c\u00f3digo nacional que establece que, existe incompatibilidad con la prisi\u00f3n preventiva oficiosa trat\u00e1ndose de ciertas circunstancias, ella se encuentra en una de ellas, porque como ustedes saben a trav\u00e9s de los medios de comunicaci\u00f3n ella se encuentra en gravidez, ella tiene un embarazo bastante adelantado, pero a consideraci\u00f3n de la suscrita no es posible que ella permanezca en prisi\u00f3n domiciliaria, en virtud de las circunstancias de que fue evadida, se sustrajo de la acci\u00f3n de la justicia, fue detenida en Lerdo, Durango, entonces, bajo dichas circunstancias, pues no es posible que se le puedo permitir una prisi\u00f3n domiciliaria&#8221;, apunt\u00f3 la Jueza.<\/p>\n\n\n\n<p>Sosa Jim\u00e9nez aclar\u00f3 que, si en alg\u00fan momento la acusada requiriera atenci\u00f3n m\u00e9dica, se le brindar\u00e1 la atenci\u00f3n adecuada para salvaguardar la salud de ella y su peque\u00f1o.<\/p>\n\n\n\n<p>&#8220;En caso de que se requiera la atenci\u00f3n m\u00e9dica, obviamente ya se orden\u00f3 qu\u00e9 se debe salvaguardar en todo momento el derecho fundamental de la salud, y para el caso que requiera el alumbramiento o cualquier situaci\u00f3n que pudiera generarse con motivo del producto, del beb\u00e9 que ella est\u00e1 esperando, pues obviamente el m\u00f3dulo de internamiento deber\u00e1 de proveer al respecto y brindar la atenci\u00f3n m\u00e9dica&#8221;, culmin\u00f3.<\/p>\n","protected":false},"excerpt":{"rendered":"<p>Alejandro \u00c1vila Veracruz, Ver.- A pesar de encontrarse en un estado avanzado de embarazo, la presunta culpable del homicidio de 7 personas en el municipio de Boca del R\u00edo, Yesenia &#8220;N&#8221;, no podr\u00e1 ser puesta en prisi\u00f3n domiciliaria, asegur\u00f3 la Jueza, Alma Aleida Sosa Jim\u00e9nez. Yesenia &#8220;N&#8221;, presunta responsable de homicidio doloso calificado en agravio [&hellip;]<\/p>\n","protected":false},"author":1,"featured_media":30317,"comment_status":"open","ping_status":"open","sticky":false,"template":"","format":"standard","meta":{"_jetpack_memberships_contains_paid_content":false,"footnotes":""},"categories":[2],"tags":[],"class_list":["post-30316","post","type-post","status-publish","format-standard","has-post-thumbnail","hentry","category-estado"],"jetpack_featured_media_url":"https:\/\/encuentroinformativo.com.mx\/wp-content\/uploads\/2022\/08\/EE58E256-01AC-4E3B-869E-1FA471474F5E.jpeg","jetpack_sharing_enabled":true,"jetpack_likes_enabled":true,"amp_enabled":true,"_links":{"self":[{"href":"https:\/\/encuentroinformativo.com.mx\/index.php?rest_route=\/wp\/v2\/posts\/30316","targetHints":{"allow":["GET"]}}],"collection":[{"href":"https:\/\/encuentroinformativo.com.mx\/index.php?rest_route=\/wp\/v2\/posts"}],"about":[{"href":"https:\/\/encuentroinformativo.com.mx\/index.php?rest_route=\/wp\/v2\/types\/post"}],"author":[{"embeddable":true,"href":"https:\/\/encuentroinformativo.com.mx\/index.php?rest_route=\/wp\/v2\/users\/1"}],"replies":[{"embeddable":true,"href":"https:\/\/encuentroinformativo.com.mx\/index.php?rest_route=%2Fwp%2Fv2%2Fcomments&post=30316"}],"version-history":[{"count":1,"href":"https:\/\/encuentroinformativo.com.mx\/index.php?rest_route=\/wp\/v2\/posts\/30316\/revisions"}],"predecessor-version":[{"id":30318,"href":"https:\/\/encuentroinformativo.com.mx\/index.php?rest_route=\/wp\/v2\/posts\/30316\/revisions\/30318"}],"wp:featuredmedia":[{"embeddable":true,"href":"https:\/\/encuentroinformativo.com.mx\/index.php?rest_route=\/wp\/v2\/media\/30317"}],"wp:attachment":[{"href":"https:\/\/encuentroinformativo.com.mx\/index.php?rest_route=%2Fwp%2Fv2%2Fmedia&parent=30316"}],"wp:term":[{"taxonomy":"category","embeddable":true,"href":"https:\/\/encuentroinformativo.com.mx\/index.php?rest_route=%2Fwp%2Fv2%2Fcategories&post=30316"},{"taxonomy":"post_tag","embeddable":true,"href":"https:\/\/encuentroinformativo.com.mx\/index.php?rest_route=%2Fwp%2Fv2%2Ftags&post=30316"}],"curies":[{"name":"wp","href":"https:\/\/api.w.org\/{rel}","templated":true}]}}