{"id":30319,"date":"2022-08-08T11:12:41","date_gmt":"2022-08-08T16:12:41","guid":{"rendered":"https:\/\/encuentroinformativo.com.mx\/?p=30319"},"modified":"2022-08-08T11:12:44","modified_gmt":"2022-08-08T16:12:44","slug":"veracruz-sera-una-de-las-sedes-de-la-academia-femenil-fifa-fmf","status":"publish","type":"post","link":"https:\/\/encuentroinformativo.com.mx\/?p=30319","title":{"rendered":"Veracruz ser\u00e1 una de las sedes de la Academia Femenil FIFA &#8211; FMF"},"content":{"rendered":"\n<p><strong>Alejandro \u00c1vila<\/strong><\/p>\n\n\n\n<p>Veracruz, Ver.- El puerto de Veracruz ser\u00e1 una de las sedes de las visor\u00edas que realizar\u00e1 la Federaci\u00f3n Mexicana de F\u00fatbol (FMF) en conjunto con la FIFA, para la Academia Femenil.<\/p>\n\n\n\n<p>Este proyecto tendr\u00e1 como objetivo detectar jugadoras para integrar la Selecci\u00f3n Nacional Mexicana sub 15; adem\u00e1s, se acercara a las jovencitas a los equipos profesionales de f\u00fatbol, para que puedan engrosar sus filas.<\/p>\n\n\n\n<p>M\u00e9xico es el \u00fanico pa\u00eds en Concacaf que fue seleccionado por la FIFA para realizar este proyecto, mismo que buscar\u00e1 detectar talentos categor\u00eda 2009 y 2010, las sedes ser\u00e1n las ciudades de: Toluca, Monterrey, Canc\u00fan, Ciudad de M\u00e9xico, Mazatl\u00e1n, Ciudad Ju\u00e1rez, Tijuana, Guadalajara, Le\u00f3n y Veracruz.<\/p>\n\n\n\n<p>El presidente de la Federaci\u00f3n Mexicana de F\u00fatbol, Yon de Luisa aclar\u00f3 que, ser\u00e1n dos d\u00edas de visor\u00edas, siendo el segundo, \u00fanicamente con 22 seleccionadas, a las que les ser\u00e1 impartida la cl\u00ednica por el cuerpo t\u00e9cnico de la Selecci\u00f3n Mexicana de F\u00fatbol.<\/p>\n\n\n\n<p>Al finalizar las cl\u00ednicas, se seleccionar\u00e1 a 46 jovencitas a nivel nacional, mismas que pasar\u00e1n a entrenar en el Centro de Alto Rendimiento en la Ciudad de M\u00e9xico, y dentro de las que saldr\u00edan las integrantes de la Selecci\u00f3n Mexicana sub 15.<\/p>\n\n\n\n<p>En Veracruz el 24 y 25 de septiembre se realizar\u00e1n las visor\u00edas, mientras que la cl\u00ednica para las seleccionadas, se llevar\u00e1 a cabo el 12 y 13 de diciembre del presente a\u00f1o.<\/p>\n\n\n\n<p>Las interesadas podr\u00e1n conocer la convocatoria completa y los requisitos en la p\u00e1gina de Internet,&nbsp;academiafemenil.fmf.mx<\/p>\n","protected":false},"excerpt":{"rendered":"<p>Alejandro \u00c1vila Veracruz, Ver.- El puerto de Veracruz ser\u00e1 una de las sedes de las visor\u00edas que realizar\u00e1 la Federaci\u00f3n Mexicana de F\u00fatbol (FMF) en conjunto con la FIFA, para la Academia Femenil. Este proyecto tendr\u00e1 como objetivo detectar jugadoras para integrar la Selecci\u00f3n Nacional Mexicana sub 15; adem\u00e1s, se acercara a las jovencitas a [&hellip;]<\/p>\n","protected":false},"author":1,"featured_media":30320,"comment_status":"open","ping_status":"open","sticky":false,"template":"","format":"standard","meta":{"_jetpack_memberships_contains_paid_content":false,"footnotes":""},"categories":[2],"tags":[],"class_list":["post-30319","post","type-post","status-publish","format-standard","has-post-thumbnail","hentry","category-estado"],"jetpack_featured_media_url":"https:\/\/encuentroinformativo.com.mx\/wp-content\/uploads\/2022\/08\/93DA9C6F-6D18-4919-9BEC-140874A11E5B.jpeg","jetpack_sharing_enabled":true,"jetpack_likes_enabled":true,"amp_enabled":true,"_links":{"self":[{"href":"https:\/\/encuentroinformativo.com.mx\/index.php?rest_route=\/wp\/v2\/posts\/30319","targetHints":{"allow":["GET"]}}],"collection":[{"href":"https:\/\/encuentroinformativo.com.mx\/index.php?rest_route=\/wp\/v2\/posts"}],"about":[{"href":"https:\/\/encuentroinformativo.com.mx\/index.php?rest_route=\/wp\/v2\/types\/post"}],"author":[{"embeddable":true,"href":"https:\/\/encuentroinformativo.com.mx\/index.php?rest_route=\/wp\/v2\/users\/1"}],"replies":[{"embeddable":true,"href":"https:\/\/encuentroinformativo.com.mx\/index.php?rest_route=%2Fwp%2Fv2%2Fcomments&post=30319"}],"version-history":[{"count":1,"href":"https:\/\/encuentroinformativo.com.mx\/index.php?rest_route=\/wp\/v2\/posts\/30319\/revisions"}],"predecessor-version":[{"id":30321,"href":"https:\/\/encuentroinformativo.com.mx\/index.php?rest_route=\/wp\/v2\/posts\/30319\/revisions\/30321"}],"wp:featuredmedia":[{"embeddable":true,"href":"https:\/\/encuentroinformativo.com.mx\/index.php?rest_route=\/wp\/v2\/media\/30320"}],"wp:attachment":[{"href":"https:\/\/encuentroinformativo.com.mx\/index.php?rest_route=%2Fwp%2Fv2%2Fmedia&parent=30319"}],"wp:term":[{"taxonomy":"category","embeddable":true,"href":"https:\/\/encuentroinformativo.com.mx\/index.php?rest_route=%2Fwp%2Fv2%2Fcategories&post=30319"},{"taxonomy":"post_tag","embeddable":true,"href":"https:\/\/encuentroinformativo.com.mx\/index.php?rest_route=%2Fwp%2Fv2%2Ftags&post=30319"}],"curies":[{"name":"wp","href":"https:\/\/api.w.org\/{rel}","templated":true}]}}