{"id":30322,"date":"2022-08-08T12:31:41","date_gmt":"2022-08-08T17:31:41","guid":{"rendered":"https:\/\/encuentroinformativo.com.mx\/?p=30322"},"modified":"2022-08-08T12:31:46","modified_gmt":"2022-08-08T17:31:46","slug":"en-dias-habra-reglamento-de-gruas-asegura-ssp","status":"publish","type":"post","link":"https:\/\/encuentroinformativo.com.mx\/?p=30322","title":{"rendered":"En d\u00edas, habr\u00e1 reglamento de gr\u00faas; asegura SSP"},"content":{"rendered":"\n<p><strong>Dar\u00edo Pale <\/strong><\/p>\n\n\n\n<p>Xalapa, Ver.- Aproximadamente en 15 d\u00edas saldr\u00eda el reglamento para la operaci\u00f3n de las gr\u00faas con el objeto de evitar que se sigan registrando abusos, as\u00ed lo inform\u00f3 el secretario de Seguridad P\u00fablica del Estado, Hugo Guti\u00e9rrez Maldonado.<\/p>\n\n\n\n<p>En entrevista se\u00f1al\u00f3 que, &#8220;las gr\u00faas cobraban lo que quer\u00edan, en muchas ocasiones hab\u00eda carros que val\u00edan 50 mil pesos y quer\u00edan cobrar de pensi\u00f3n 60 o 70 mil pesos, por eso la gente los dejaba abandonados&#8221;.<\/p>\n\n\n\n<p>Dio a conocer que una vez que salga el reglamento se definir\u00e1 cu\u00e1nto es lo que deben cobrar y se socializar\u00e1 con la sociedad para que lo conozcan.<\/p>\n\n\n\n<p>Se\u00f1al\u00f3 que en Veracruz existe un padr\u00f3n de 95 empresas de gr\u00faas, por lo que a partir del reglamento se har\u00e1 una invitaci\u00f3n para aquellos que quieran trabajar con las nuevas tarifas.<\/p>\n\n\n\n<p>En ese sentido, revel\u00f3 que por los abusos cometidos por parte de los concesionarios de las gr\u00faas han abierto entre seis o siete denuncias en Asuntos Internos.<\/p>\n\n\n\n<p>Respecto de la reforma a la Constituci\u00f3n local para que los no nacidos en Veracruz puedan aspirar a cargos de elecci\u00f3n, el Secretario consider\u00f3 que estuvo bien que se haya modificado la ley porque finalmente la Carta Magna ya lo establec\u00eda, que todo aquel mexicano con aspiraciones a gobernar su entidad puede hacerlo, siempre que tenga una residencia efectiva.<\/p>\n\n\n\n<p>&#8220;Que Veracruz est\u00e9 a la vanguardia en este tema a mi me llena de orgullo&#8230;yo creo que a todos los veracruzanos conviene&#8221;, expres\u00f3.<\/p>\n\n\n\n<p>Entrevistado en relaci\u00f3n a si tendr\u00eda alguna aspiraci\u00f3n pol\u00edtica en este estado, respondi\u00f3 que falta mucho y que en este momento ser\u00eda una falta de respeto a la investidura del Gobernador al que todav\u00eda le faltan m\u00e1s de dos a\u00f1os y que deben seguir apoyando.<\/p>\n\n\n\n<p>Finalmente dio a conocer, &#8220;me encanta (Veracruz), para que quedarme, dependiera, dependiera&#8221;.<\/p>\n","protected":false},"excerpt":{"rendered":"<p>Dar\u00edo Pale Xalapa, Ver.- Aproximadamente en 15 d\u00edas saldr\u00eda el reglamento para la operaci\u00f3n de las gr\u00faas con el objeto de evitar que se sigan registrando abusos, as\u00ed lo inform\u00f3 el secretario de Seguridad P\u00fablica del Estado, Hugo Guti\u00e9rrez Maldonado. En entrevista se\u00f1al\u00f3 que, &#8220;las gr\u00faas cobraban lo que quer\u00edan, en muchas ocasiones hab\u00eda carros [&hellip;]<\/p>\n","protected":false},"author":1,"featured_media":30323,"comment_status":"open","ping_status":"open","sticky":false,"template":"","format":"standard","meta":{"_jetpack_memberships_contains_paid_content":false,"footnotes":""},"categories":[2],"tags":[],"class_list":["post-30322","post","type-post","status-publish","format-standard","has-post-thumbnail","hentry","category-estado"],"jetpack_featured_media_url":"https:\/\/encuentroinformativo.com.mx\/wp-content\/uploads\/2022\/08\/4DD6FD8F-1338-4094-8799-A8B02AF7B868.jpeg","jetpack_sharing_enabled":true,"jetpack_likes_enabled":true,"amp_enabled":true,"_links":{"self":[{"href":"https:\/\/encuentroinformativo.com.mx\/index.php?rest_route=\/wp\/v2\/posts\/30322","targetHints":{"allow":["GET"]}}],"collection":[{"href":"https:\/\/encuentroinformativo.com.mx\/index.php?rest_route=\/wp\/v2\/posts"}],"about":[{"href":"https:\/\/encuentroinformativo.com.mx\/index.php?rest_route=\/wp\/v2\/types\/post"}],"author":[{"embeddable":true,"href":"https:\/\/encuentroinformativo.com.mx\/index.php?rest_route=\/wp\/v2\/users\/1"}],"replies":[{"embeddable":true,"href":"https:\/\/encuentroinformativo.com.mx\/index.php?rest_route=%2Fwp%2Fv2%2Fcomments&post=30322"}],"version-history":[{"count":1,"href":"https:\/\/encuentroinformativo.com.mx\/index.php?rest_route=\/wp\/v2\/posts\/30322\/revisions"}],"predecessor-version":[{"id":30324,"href":"https:\/\/encuentroinformativo.com.mx\/index.php?rest_route=\/wp\/v2\/posts\/30322\/revisions\/30324"}],"wp:featuredmedia":[{"embeddable":true,"href":"https:\/\/encuentroinformativo.com.mx\/index.php?rest_route=\/wp\/v2\/media\/30323"}],"wp:attachment":[{"href":"https:\/\/encuentroinformativo.com.mx\/index.php?rest_route=%2Fwp%2Fv2%2Fmedia&parent=30322"}],"wp:term":[{"taxonomy":"category","embeddable":true,"href":"https:\/\/encuentroinformativo.com.mx\/index.php?rest_route=%2Fwp%2Fv2%2Fcategories&post=30322"},{"taxonomy":"post_tag","embeddable":true,"href":"https:\/\/encuentroinformativo.com.mx\/index.php?rest_route=%2Fwp%2Fv2%2Ftags&post=30322"}],"curies":[{"name":"wp","href":"https:\/\/api.w.org\/{rel}","templated":true}]}}