{"id":30331,"date":"2022-08-08T14:56:53","date_gmt":"2022-08-08T19:56:53","guid":{"rendered":"https:\/\/encuentroinformativo.com.mx\/?p=30331"},"modified":"2022-08-08T14:56:57","modified_gmt":"2022-08-08T19:56:57","slug":"justifica-gobernador-prision-preventiva-de-yessenia-n","status":"publish","type":"post","link":"https:\/\/encuentroinformativo.com.mx\/?p=30331","title":{"rendered":"Justifica gobernador prisi\u00f3n preventiva de Yessenia N"},"content":{"rendered":"\n<p><strong>Dar\u00edo Pale <\/strong><\/p>\n\n\n\n<p>Xalapa, Ver.- La juez de Control que lleva el caso por el multihomicidio de una familia en Boca del R\u00edo, determin\u00f3 que Yessenia &#8220;N&#8221; actu\u00f3 con premeditaci\u00f3n, alevos\u00eda, ventaja, traici\u00f3n y ejecuci\u00f3n con extrema crueldad, as\u00ed lo inform\u00f3 el gobernador del estado Cuitl\u00e1huac Garc\u00eda Jim\u00e9nez.<\/p>\n\n\n\n<p>En conferencia de prensa record\u00f3 que fue vinculada a proceso, adem\u00e1s de que se trat\u00f3 de un hecho muy relevante al haber participado en el homicidio de siete personas.<\/p>\n\n\n\n<p>Dio a conocer que se va cumpliendo con el seguimiento de la Fiscal\u00eda General del Estado y que desde la Coordinaci\u00f3n Estatal para la Construcci\u00f3n de la Paz hacen para cumplir con el programa de Cero Impunidad.<\/p>\n\n\n\n<p>Por \u00faltimo resalt\u00f3 que durante la investigaci\u00f3n se determinar\u00e1 en qu\u00e9 grado particip\u00f3 Yessenia &#8220;N&#8221; en el asesinato de su familia.<\/p>\n\n\n\n<p><strong>Foros Sin Dedicatoria <\/strong><\/p>\n\n\n\n<p>En otro tema, el gobernador del estado Cuitlahuac Garc\u00eda Jim\u00e9nez asegur\u00f3 que la Expo Energ\u00eda Veracruz 2022 no es un foro &#8220;a modo&#8221; como pasarela para la secretaria de Energ\u00eda, Roc\u00edo Nahle, ya que se organiz\u00f3 mucho antes y si no se hab\u00eda podido realizar era por la emergencia sanitaria.<\/p>\n\n\n\n<p>Dijo que si es un congreso de energ\u00eda, es &#8220;clave&#8221; la presencia de la secretaria de Energ\u00eda, por lo que justific\u00f3 que las empresas que tienen que ver con gas, petroqu\u00edmica y combustibles, son las que solicitan a la SENER que traigan a personas de &#8220;nivel&#8221; porque en dicho foro se hacen reuniones, acuerdos, seguimientos a permisos, tr\u00e1mites que se hacen en dicha dependencia.<\/p>\n\n\n\n<p>Por lo tanto, si acude Roc\u00edo Nahle es a petici\u00f3n de las mismas empresas, adem\u00e1s lo que buscan es que sea un congreso muy \u00fatil para el desarrollo econ\u00f3mico en temas de energ\u00eda.<\/p>\n\n\n\n<p>&#8220;Y qu\u00e9 mejor que atender de primera mano a las empresas que est\u00e1n en este sector, esa es la raz\u00f3n principal, que sea Roc\u00edo Nahle, la senadora veracruzana la titular de la SENER, pues ya es una circunstancia, adem\u00e1s, nosotros queremos que el WTC sea un espacio para que lleguen congresos nacionales o de esta talla internacional aqu\u00ed a Veracruz porque hay ocupaci\u00f3n hotelera, hay derrama econ\u00f3mica&#8221;, destac\u00f3.<\/p>\n\n\n\n<p>Insisti\u00f3 en que Roc\u00edo Nahle debe estar presente porque se abordar\u00e1n temas de energ\u00eda y tiene que venir a atender a las empresas de energ\u00eda el que lo haga en el Estado s\u00f3lo es porque se tiene la capacidad para hacer un evento de ese nivel.<\/p>\n\n\n\n<p>En relaci\u00f3n a la reforma a la Constituci\u00f3n para que los no nacidos en Veracruz puedan ser candidatos a gobernador como la secretaria de Energ\u00eda, el Mandatario, defini\u00f3 que en cuanto el Congreso del Estado les notifique la aprobaci\u00f3n de la mayor\u00eda de los cabildos, inmediatamente se har\u00e1 la publicaci\u00f3n en la Gaceta.<\/p>\n\n\n\n<p>Finalmente el Ejecutivo asegur\u00f3 que en el debate de la reforma participaron los diputados del PAN, PT, Fuerza por M\u00e9xico y Morena, adem\u00e1s de que al momento suman 110 cabildos que la han aprobado que en todo caso, si no estuvieran de acuerdo, ya hubieran hecho alguna observaci\u00f3n.<\/p>\n","protected":false},"excerpt":{"rendered":"<p>Dar\u00edo Pale Xalapa, Ver.- La juez de Control que lleva el caso por el multihomicidio de una familia en Boca del R\u00edo, determin\u00f3 que Yessenia &#8220;N&#8221; actu\u00f3 con premeditaci\u00f3n, alevos\u00eda, ventaja, traici\u00f3n y ejecuci\u00f3n con extrema crueldad, as\u00ed lo inform\u00f3 el gobernador del estado Cuitl\u00e1huac Garc\u00eda Jim\u00e9nez. En conferencia de prensa record\u00f3 que fue vinculada [&hellip;]<\/p>\n","protected":false},"author":1,"featured_media":30332,"comment_status":"open","ping_status":"open","sticky":false,"template":"","format":"standard","meta":{"_jetpack_memberships_contains_paid_content":false,"footnotes":""},"categories":[2],"tags":[],"class_list":["post-30331","post","type-post","status-publish","format-standard","has-post-thumbnail","hentry","category-estado"],"jetpack_featured_media_url":"https:\/\/encuentroinformativo.com.mx\/wp-content\/uploads\/2022\/08\/5CB07A1E-EC06-4568-BF2F-64FA3311B040.jpeg","jetpack_sharing_enabled":true,"jetpack_likes_enabled":true,"amp_enabled":true,"_links":{"self":[{"href":"https:\/\/encuentroinformativo.com.mx\/index.php?rest_route=\/wp\/v2\/posts\/30331","targetHints":{"allow":["GET"]}}],"collection":[{"href":"https:\/\/encuentroinformativo.com.mx\/index.php?rest_route=\/wp\/v2\/posts"}],"about":[{"href":"https:\/\/encuentroinformativo.com.mx\/index.php?rest_route=\/wp\/v2\/types\/post"}],"author":[{"embeddable":true,"href":"https:\/\/encuentroinformativo.com.mx\/index.php?rest_route=\/wp\/v2\/users\/1"}],"replies":[{"embeddable":true,"href":"https:\/\/encuentroinformativo.com.mx\/index.php?rest_route=%2Fwp%2Fv2%2Fcomments&post=30331"}],"version-history":[{"count":1,"href":"https:\/\/encuentroinformativo.com.mx\/index.php?rest_route=\/wp\/v2\/posts\/30331\/revisions"}],"predecessor-version":[{"id":30333,"href":"https:\/\/encuentroinformativo.com.mx\/index.php?rest_route=\/wp\/v2\/posts\/30331\/revisions\/30333"}],"wp:featuredmedia":[{"embeddable":true,"href":"https:\/\/encuentroinformativo.com.mx\/index.php?rest_route=\/wp\/v2\/media\/30332"}],"wp:attachment":[{"href":"https:\/\/encuentroinformativo.com.mx\/index.php?rest_route=%2Fwp%2Fv2%2Fmedia&parent=30331"}],"wp:term":[{"taxonomy":"category","embeddable":true,"href":"https:\/\/encuentroinformativo.com.mx\/index.php?rest_route=%2Fwp%2Fv2%2Fcategories&post=30331"},{"taxonomy":"post_tag","embeddable":true,"href":"https:\/\/encuentroinformativo.com.mx\/index.php?rest_route=%2Fwp%2Fv2%2Ftags&post=30331"}],"curies":[{"name":"wp","href":"https:\/\/api.w.org\/{rel}","templated":true}]}}