{"id":30337,"date":"2022-08-08T17:25:08","date_gmt":"2022-08-08T22:25:08","guid":{"rendered":"https:\/\/encuentroinformativo.com.mx\/?p=30337"},"modified":"2022-08-08T17:25:12","modified_gmt":"2022-08-08T22:25:12","slug":"seguimos-llevando-obras-a-todo-boca-del-rio-alcalde-jm-unanue","status":"publish","type":"post","link":"https:\/\/encuentroinformativo.com.mx\/?p=30337","title":{"rendered":"Seguimos llevando obras a todo Boca del R\u00edo: Alcalde JM Un\u00e1nue"},"content":{"rendered":"\n<p><strong>*<em>Este martes dar\u00e1 banderazo a una obra m\u00e1s en la colonia Ampliaci\u00f3n Miguel Alem\u00e1n<\/em>.<\/strong><\/p>\n\n\n\n<p>Boca del R\u00edo, Ver.- Desde el primer d\u00eda de la actual administraci\u00f3n que encabeza el Presidente Municipal de Boca del R\u00edo, Juan Manuel Un\u00e1nue Abascal, se comprometi\u00f3 a tener una ciudad limpia, con orden, as\u00ed como a mejorar los espacios p\u00fablicos, calles y avenidas.<\/p>\n\n\n\n<p>Por ello, se implement\u00f3 un Plan de Obras Municipal acorde a la exigencia de los boque\u00f1os, para que cada rinc\u00f3n del municipio sea m\u00e1s amigable y funcional para todos.<\/p>\n\n\n\n<p>\u201cEstamos ya con un avance considerable de la Unidad Deportiva El Morro y la Unidad Deportiva El Morrito ya est\u00e1 al cien por ciento\u201d, indic\u00f3 Un\u00e1nue Abascal.<\/p>\n\n\n\n<p>Adem\u00e1s, se est\u00e1n realizando trabajos de se\u00f1al\u00e9tica, pintura, guarniciones, camellones en los bulevares Miguel Alem\u00e1n y Adolfo Ru\u00edz Cortines, as\u00ed como en la avenida Ej\u00e9rcito Mexicano.<\/p>\n\n\n\n<p>Asimismo \u201carrancaremos la obra del Parque Naval, a espaldas de la Comandancia de la Polic\u00eda Naval en la colonia Ampliaci\u00f3n Miguel Alem\u00e1n, una unidad deportiva nueva, muy bonita, para que los ni\u00f1os tengan un espacio para jugar y de actividad para los j\u00f3venes\u201d.<\/p>\n\n\n\n<p>Sum\u00e1ndose a las actividades municipales, el reencarpetamiento en concreto hidr\u00e1ulico de la avenida Juan Pablo II en su primera etapa, la cual iniciar\u00e1 en tres semanas, destacando que ya se cuenta con un avance considerable del Programa de General de Bacheo.<\/p>\n\n\n\n<p>\u201cLlegaremos a todos los puntos de la ciudad, estamos haciendo un esfuerzo d\u00eda con d\u00eda para que este primer a\u00f1o se encuentre en mejores condiciones para el uso y disfrute de los ciudadanos\u201d, enfatiz\u00f3.<\/p>\n\n\n\n<p>Por otra parte, la primera autoridad municipal record\u00f3 que los Centros Asistenciales de Desarrollo Infantil (CADI), Centros de Asistencia Infantil Comunitarios (CAIC), as\u00ed como la Guarder\u00eda Boque\u00f1itos Carranza, se encuentran en plena rehabilitaci\u00f3n y equipamiento.<\/p>\n\n\n\n<p>\u201cSe est\u00e1n rehabilitando desde hace tres meses, vamos a dejarlas impecables, obviamente con todos los servicios, con todo el mobiliario\u201d.<\/p>\n\n\n\n<p>Juan Manuel Un\u00e1nue Abascal, dijo que su gobierno ya se encuentra recabando informaci\u00f3n ciudadana para cimentar el Plan General de Inversi\u00f3n del pr\u00f3ximo a\u00f1o.<\/p>\n\n\n\n<p>En otro tema, se llev\u00f3 a cabo el programa Lunes Ciudadano en el patio central del Palacio Municipal, donde dio la bienvenida y atendi\u00f3 a las y los boque\u00f1as.<\/p>\n\n\n\n<p>\u201cRecibimos solicitudes, quejas y eso nos da la oportunidad de ir mejorando el trabajo que venimos desempe\u00f1ando desde hace siete meses, atendemos de manera directa a los ciudadanos, los escuchamos y de dar soluci\u00f3n a las diferentes problem\u00e1ticas\u201d.<\/p>\n\n\n\n<p>Destac\u00f3 que el 90% de las solicitudes se atienden el mismo d\u00eda o en su caso, en la misma semana.<\/p>\n","protected":false},"excerpt":{"rendered":"<p>*Este martes dar\u00e1 banderazo a una obra m\u00e1s en la colonia Ampliaci\u00f3n Miguel Alem\u00e1n. Boca del R\u00edo, Ver.- Desde el primer d\u00eda de la actual administraci\u00f3n que encabeza el Presidente Municipal de Boca del R\u00edo, Juan Manuel Un\u00e1nue Abascal, se comprometi\u00f3 a tener una ciudad limpia, con orden, as\u00ed como a mejorar los espacios p\u00fablicos, [&hellip;]<\/p>\n","protected":false},"author":1,"featured_media":30338,"comment_status":"open","ping_status":"open","sticky":false,"template":"","format":"standard","meta":{"_jetpack_memberships_contains_paid_content":false,"footnotes":""},"categories":[2],"tags":[],"class_list":["post-30337","post","type-post","status-publish","format-standard","has-post-thumbnail","hentry","category-estado"],"jetpack_featured_media_url":"https:\/\/encuentroinformativo.com.mx\/wp-content\/uploads\/2022\/08\/66E3F4CD-E98E-4187-9DFA-A257C026FF45.jpeg","jetpack_sharing_enabled":true,"jetpack_likes_enabled":true,"amp_enabled":true,"_links":{"self":[{"href":"https:\/\/encuentroinformativo.com.mx\/index.php?rest_route=\/wp\/v2\/posts\/30337","targetHints":{"allow":["GET"]}}],"collection":[{"href":"https:\/\/encuentroinformativo.com.mx\/index.php?rest_route=\/wp\/v2\/posts"}],"about":[{"href":"https:\/\/encuentroinformativo.com.mx\/index.php?rest_route=\/wp\/v2\/types\/post"}],"author":[{"embeddable":true,"href":"https:\/\/encuentroinformativo.com.mx\/index.php?rest_route=\/wp\/v2\/users\/1"}],"replies":[{"embeddable":true,"href":"https:\/\/encuentroinformativo.com.mx\/index.php?rest_route=%2Fwp%2Fv2%2Fcomments&post=30337"}],"version-history":[{"count":1,"href":"https:\/\/encuentroinformativo.com.mx\/index.php?rest_route=\/wp\/v2\/posts\/30337\/revisions"}],"predecessor-version":[{"id":30339,"href":"https:\/\/encuentroinformativo.com.mx\/index.php?rest_route=\/wp\/v2\/posts\/30337\/revisions\/30339"}],"wp:featuredmedia":[{"embeddable":true,"href":"https:\/\/encuentroinformativo.com.mx\/index.php?rest_route=\/wp\/v2\/media\/30338"}],"wp:attachment":[{"href":"https:\/\/encuentroinformativo.com.mx\/index.php?rest_route=%2Fwp%2Fv2%2Fmedia&parent=30337"}],"wp:term":[{"taxonomy":"category","embeddable":true,"href":"https:\/\/encuentroinformativo.com.mx\/index.php?rest_route=%2Fwp%2Fv2%2Fcategories&post=30337"},{"taxonomy":"post_tag","embeddable":true,"href":"https:\/\/encuentroinformativo.com.mx\/index.php?rest_route=%2Fwp%2Fv2%2Ftags&post=30337"}],"curies":[{"name":"wp","href":"https:\/\/api.w.org\/{rel}","templated":true}]}}